{"id":173881,"date":"2025-06-30T10:01:34","date_gmt":"2025-06-30T13:01:34","guid":{"rendered":"https:\/\/www.cronicasdeitarantim.com.br\/v1\/?p=173881"},"modified":"2025-06-30T10:01:34","modified_gmt":"2025-06-30T13:01:34","slug":"policia-federal-pf-investiga-fraudes-em-beneficios-previdenciarios-na-bahia","status":"publish","type":"post","link":"https:\/\/www.cronicasdeitarantim.com.br\/v1\/2025\/06\/30\/policia-federal-pf-investiga-fraudes-em-beneficios-previdenciarios-na-bahia\/","title":{"rendered":"Pol\u00edcia Federal (PF) investiga fraudes em benef\u00edcios previdenci\u00e1rios na Bahia"},"content":{"rendered":"<div class=\"styles__Body-sc-1ffquwr-7 ePhtZb\">\n<h4>A Pol\u00edcia Federal (PF) iniciou na manh\u00e3 desta segunda-feira (30) a opera\u00e7\u00e3o Ra\u00edzes de Papel, com o objetivo de investigar fraudes na libera\u00e7\u00e3o de aux\u00edlios previdenci\u00e1rios ligados ao sal\u00e1rio-maternidade rural na Bahia. A a\u00e7\u00e3o ocorre ap\u00f3s apura\u00e7\u00e3o que apontou pr\u00e1tica recorrente de fraudes mediante uso de documentos falsos e simula\u00e7\u00f5es de v\u00ednculos com atividades no campo.<\/h4>\n<h4>Quatro ordens de busca e apreens\u00e3o foram executadas nas cidades de Juazeiro e Sobradinho, no norte baiano. Entre os alvos est\u00e3o dois escrit\u00f3rios de advocacia suspeitos de participa\u00e7\u00e3o no esquema. A PF aponta que os profissionais teriam articulado arrendamentos rurais fict\u00edcios para sustentar, na Justi\u00e7a Federal, o enquadramento das requerentes como trabalhadoras do meio rural.<\/h4>\n<h4>As provas reunidas at\u00e9 o momento indicam uma estrutura organizada para obter, de forma indevida, benef\u00edcios previdenci\u00e1rios por meio de a\u00e7\u00f5es judiciais fundamentadas em informa\u00e7\u00f5es fraudulentas.<\/h4>\n<\/div>\n","protected":false},"excerpt":{"rendered":"<p>A Pol\u00edcia Federal (PF) iniciou na manh\u00e3 desta segunda-feira (30) a opera\u00e7\u00e3o Ra\u00edzes de Papel, com o objetivo de investigar fraudes na libera\u00e7\u00e3o de aux\u00edlios previdenci\u00e1rios ligados ao sal\u00e1rio-maternidade rural na Bahia. A a\u00e7\u00e3o ocorre ap\u00f3s apura\u00e7\u00e3o que apontou pr\u00e1tica recorrente de fraudes mediante uso de documentos falsos e simula\u00e7\u00f5es de v\u00ednculos com atividades no campo. Quatro ordens de busca e apreens\u00e3o foram executadas nas cidades de Juazeiro e Sobradinho, no norte baiano. Entre os alvos est\u00e3o dois escrit\u00f3rios de advocacia suspeitos de participa\u00e7\u00e3o no esquema. A PF aponta que os profissionais teriam articulado arrendamentos rurais fict\u00edcios para sustentar, na [&hellip;]<\/p>\n","protected":false},"author":4,"featured_media":173882,"comment_status":"open","ping_status":"open","sticky":false,"template":"","format":"standard","meta":[],"categories":[295],"tags":[76,3310,1780],"_links":{"self":[{"href":"https:\/\/www.cronicasdeitarantim.com.br\/v1\/wp-json\/wp\/v2\/posts\/173881"}],"collection":[{"href":"https:\/\/www.cronicasdeitarantim.com.br\/v1\/wp-json\/wp\/v2\/posts"}],"about":[{"href":"https:\/\/www.cronicasdeitarantim.com.br\/v1\/wp-json\/wp\/v2\/types\/post"}],"author":[{"embeddable":true,"href":"https:\/\/www.cronicasdeitarantim.com.br\/v1\/wp-json\/wp\/v2\/users\/4"}],"replies":[{"embeddable":true,"href":"https:\/\/www.cronicasdeitarantim.com.br\/v1\/wp-json\/wp\/v2\/comments?post=173881"}],"version-history":[{"count":1,"href":"https:\/\/www.cronicasdeitarantim.com.br\/v1\/wp-json\/wp\/v2\/posts\/173881\/revisions"}],"predecessor-version":[{"id":173883,"href":"https:\/\/www.cronicasdeitarantim.com.br\/v1\/wp-json\/wp\/v2\/posts\/173881\/revisions\/173883"}],"wp:featuredmedia":[{"embeddable":true,"href":"https:\/\/www.cronicasdeitarantim.com.br\/v1\/wp-json\/wp\/v2\/media\/173882"}],"wp:attachment":[{"href":"https:\/\/www.cronicasdeitarantim.com.br\/v1\/wp-json\/wp\/v2\/media?parent=173881"}],"wp:term":[{"taxonomy":"category","embeddable":true,"href":"https:\/\/www.cronicasdeitarantim.com.br\/v1\/wp-json\/wp\/v2\/categories?post=173881"},{"taxonomy":"post_tag","embeddable":true,"href":"https:\/\/www.cronicasdeitarantim.com.br\/v1\/wp-json\/wp\/v2\/tags?post=173881"}],"curies":[{"name":"wp","href":"https:\/\/api.w.org\/{rel}","templated":true}]}}