{"id":173878,"date":"2025-06-30T09:36:33","date_gmt":"2025-06-30T12:36:33","guid":{"rendered":"https:\/\/www.cronicasdeitarantim.com.br\/v1\/?p=173878"},"modified":"2025-06-30T09:36:33","modified_gmt":"2025-06-30T12:36:33","slug":"tst-decide-nesta-segunda-sobre-direito-a-jornada-reduzida-para-pais-de-autistas-e-outras-condicoes-especiais","status":"publish","type":"post","link":"https:\/\/www.cronicasdeitarantim.com.br\/v1\/2025\/06\/30\/tst-decide-nesta-segunda-sobre-direito-a-jornada-reduzida-para-pais-de-autistas-e-outras-condicoes-especiais\/","title":{"rendered":"TST decide nesta segunda sobre direito \u00e0 jornada reduzida para pais de autistas e outras condi\u00e7\u00f5es especiais"},"content":{"rendered":"<h4><span style=\"font-size: 16px;\">O Tribunal Superior do Trabalho (TST) deve finalizar nesta segunda-feira, 30 de junho, o julgamento de um processo que trata do direito \u00e0 carga hor\u00e1ria reduzida, sem abatimento salarial e sem exig\u00eancia de compensa\u00e7\u00e3o, para servidores com filhos diagnosticados com Transtorno do Espectro Autista (TEA).<\/span><\/h4>\n<div class=\"styles__Body-sc-1ffquwr-7 ePhtZb\">\n<h4>A previs\u00e3o \u00e9 que o TST reforce a posi\u00e7\u00e3o adotada em maio, quando reconheceu que trabalhadores p\u00fablicos sob regime da Consolida\u00e7\u00e3o das Leis do Trabalho (CLT) tamb\u00e9m podem ter acesso ao hor\u00e1rio especial, desde que apresentem laudo m\u00e9dico que comprove a necessidade.<\/h4>\n<h4>A decis\u00e3o tem como base o artigo 98 da Lei n\u00ba 8.112\/1990, que garante a redu\u00e7\u00e3o da jornada a servidores federais com filhos ou dependentes com defici\u00eancia, sem corte nos vencimentos.<\/h4>\n<h4>Em Itarantim, o presidente da C\u00e2mara, o vereador Dudu dos Tutas, apresentou um projeto que ir\u00e1 beneficiar servidores municipais que tem filhos com alguma condi\u00e7\u00e3o especial que requer cuidados. O projeto prev\u00ea a redu\u00e7\u00e3o de carga hor\u00e1ria para essas m\u00e3es e pais.<\/h4>\n<\/div>\n<p>&nbsp;<\/p>\n","protected":false},"excerpt":{"rendered":"<p>O Tribunal Superior do Trabalho (TST) deve finalizar nesta segunda-feira, 30 de junho, o julgamento de um processo que trata do direito \u00e0 carga hor\u00e1ria reduzida, sem abatimento salarial e sem exig\u00eancia de compensa\u00e7\u00e3o, para servidores com filhos diagnosticados com Transtorno do Espectro Autista (TEA). A previs\u00e3o \u00e9 que o TST reforce a posi\u00e7\u00e3o adotada em maio, quando reconheceu que trabalhadores p\u00fablicos sob regime da Consolida\u00e7\u00e3o das Leis do Trabalho (CLT) tamb\u00e9m podem ter acesso ao hor\u00e1rio especial, desde que apresentem laudo m\u00e9dico que comprove a necessidade. A decis\u00e3o tem como base o artigo 98 da Lei n\u00ba 8.112\/1990, que [&hellip;]<\/p>\n","protected":false},"author":4,"featured_media":173879,"comment_status":"open","ping_status":"open","sticky":false,"template":"","format":"standard","meta":[],"categories":[1],"tags":[3310,1780,965],"_links":{"self":[{"href":"https:\/\/www.cronicasdeitarantim.com.br\/v1\/wp-json\/wp\/v2\/posts\/173878"}],"collection":[{"href":"https:\/\/www.cronicasdeitarantim.com.br\/v1\/wp-json\/wp\/v2\/posts"}],"about":[{"href":"https:\/\/www.cronicasdeitarantim.com.br\/v1\/wp-json\/wp\/v2\/types\/post"}],"author":[{"embeddable":true,"href":"https:\/\/www.cronicasdeitarantim.com.br\/v1\/wp-json\/wp\/v2\/users\/4"}],"replies":[{"embeddable":true,"href":"https:\/\/www.cronicasdeitarantim.com.br\/v1\/wp-json\/wp\/v2\/comments?post=173878"}],"version-history":[{"count":1,"href":"https:\/\/www.cronicasdeitarantim.com.br\/v1\/wp-json\/wp\/v2\/posts\/173878\/revisions"}],"predecessor-version":[{"id":173880,"href":"https:\/\/www.cronicasdeitarantim.com.br\/v1\/wp-json\/wp\/v2\/posts\/173878\/revisions\/173880"}],"wp:featuredmedia":[{"embeddable":true,"href":"https:\/\/www.cronicasdeitarantim.com.br\/v1\/wp-json\/wp\/v2\/media\/173879"}],"wp:attachment":[{"href":"https:\/\/www.cronicasdeitarantim.com.br\/v1\/wp-json\/wp\/v2\/media?parent=173878"}],"wp:term":[{"taxonomy":"category","embeddable":true,"href":"https:\/\/www.cronicasdeitarantim.com.br\/v1\/wp-json\/wp\/v2\/categories?post=173878"},{"taxonomy":"post_tag","embeddable":true,"href":"https:\/\/www.cronicasdeitarantim.com.br\/v1\/wp-json\/wp\/v2\/tags?post=173878"}],"curies":[{"name":"wp","href":"https:\/\/api.w.org\/{rel}","templated":true}]}}