{"id":173801,"date":"2025-06-25T13:50:24","date_gmt":"2025-06-25T16:50:24","guid":{"rendered":"https:\/\/www.cronicasdeitarantim.com.br\/v1\/?p=173801"},"modified":"2025-06-25T13:50:24","modified_gmt":"2025-06-25T16:50:24","slug":"rodovias-na-bahia-tem-19-mortos-e-mais-de-100-feridos-durante-feriadao","status":"publish","type":"post","link":"https:\/\/www.cronicasdeitarantim.com.br\/v1\/2025\/06\/25\/rodovias-na-bahia-tem-19-mortos-e-mais-de-100-feridos-durante-feriadao\/","title":{"rendered":"Rodovias na Bahia t\u00eam 19 mortos e mais de 100 feridos durante feriad\u00e3o"},"content":{"rendered":"<div class=\"styles__Body-sc-1ffquwr-7 ePhtZb\">\n<h4>Durante os feriados de Corpus Christi e S\u00e3o Jo\u00e3o, as rodovias federais na Bahia registraram 19 mortes e 102 feridos, com 84 acidentes, sendo 33 graves nas BR-116, 101, 324, 110 e 242. Os principais tipos de colis\u00f5es foram traseira, transversal, sa\u00edda de pista e frontal, com maior n\u00famero de ocorr\u00eancias na sexta-feira (20) e na segunda-feira (23). O balan\u00e7o parcial da Pol\u00edcia Rodovi\u00e1ria Federal (PRF), atualizado at\u00e9 ter\u00e7a-feira (24), revelou que 909.135 ve\u00edculos passaram pelas estradas entre os dias 18 e 24, sendo a sexta-feira o dia de maior movimento, com 151.907 passagens.<\/h4>\n<h4>A infra\u00e7\u00e3o mais comum foi a ultrapassagem indevida, com 4.839 registros, sendo 1.199 somente na BR-324. Outras infra\u00e7\u00f5es incluem excesso de velocidade, uso de celular ao volante, transitar pelo acostamento e passageiros sem cinto de seguran\u00e7a. A expectativa \u00e9 que o fluxo de ve\u00edculos aumente nesta quarta-feira (25), com a volta do S\u00e3o Jo\u00e3o, especialmente na BR-324, BR-116 e BR-101, que conectam Salvador a outras regi\u00f5es do estado.<\/h4>\n<h4>O tr\u00e1fego, que come\u00e7ou a se intensificar por volta das 7h, gerou grandes engarrafamentos, como o registrado na ter\u00e7a-feira (24), onde motoristas enfrentaram at\u00e9 3h de lentid\u00e3o na BR-324. A maior concentra\u00e7\u00e3o de ve\u00edculos est\u00e1 nos trechos pr\u00f3ximos a Cruz das Almas, Santo Ant\u00f4nio de Jesus e cidades com grandes festas juninas.<\/h4>\n<h4>As autoridades alertam para o risco de mais acidentes com o aumento do tr\u00e1fego nas rodovias. A PRF continua monitorando as vias para garantir a seguran\u00e7a dos motoristas e passageiros.<\/h4>\n<\/div>\n","protected":false},"excerpt":{"rendered":"<p>Durante os feriados de Corpus Christi e S\u00e3o Jo\u00e3o, as rodovias federais na Bahia registraram 19 mortes e 102 feridos, com 84 acidentes, sendo 33 graves nas BR-116, 101, 324, 110 e 242. Os principais tipos de colis\u00f5es foram traseira, transversal, sa\u00edda de pista e frontal, com maior n\u00famero de ocorr\u00eancias na sexta-feira (20) e na segunda-feira (23). O balan\u00e7o parcial da Pol\u00edcia Rodovi\u00e1ria Federal (PRF), atualizado at\u00e9 ter\u00e7a-feira (24), revelou que 909.135 ve\u00edculos passaram pelas estradas entre os dias 18 e 24, sendo a sexta-feira o dia de maior movimento, com 151.907 passagens. A infra\u00e7\u00e3o mais comum foi a [&hellip;]<\/p>\n","protected":false},"author":4,"featured_media":173802,"comment_status":"open","ping_status":"open","sticky":false,"template":"","format":"standard","meta":[],"categories":[295],"tags":[594,76,3310,1780],"_links":{"self":[{"href":"https:\/\/www.cronicasdeitarantim.com.br\/v1\/wp-json\/wp\/v2\/posts\/173801"}],"collection":[{"href":"https:\/\/www.cronicasdeitarantim.com.br\/v1\/wp-json\/wp\/v2\/posts"}],"about":[{"href":"https:\/\/www.cronicasdeitarantim.com.br\/v1\/wp-json\/wp\/v2\/types\/post"}],"author":[{"embeddable":true,"href":"https:\/\/www.cronicasdeitarantim.com.br\/v1\/wp-json\/wp\/v2\/users\/4"}],"replies":[{"embeddable":true,"href":"https:\/\/www.cronicasdeitarantim.com.br\/v1\/wp-json\/wp\/v2\/comments?post=173801"}],"version-history":[{"count":1,"href":"https:\/\/www.cronicasdeitarantim.com.br\/v1\/wp-json\/wp\/v2\/posts\/173801\/revisions"}],"predecessor-version":[{"id":173803,"href":"https:\/\/www.cronicasdeitarantim.com.br\/v1\/wp-json\/wp\/v2\/posts\/173801\/revisions\/173803"}],"wp:featuredmedia":[{"embeddable":true,"href":"https:\/\/www.cronicasdeitarantim.com.br\/v1\/wp-json\/wp\/v2\/media\/173802"}],"wp:attachment":[{"href":"https:\/\/www.cronicasdeitarantim.com.br\/v1\/wp-json\/wp\/v2\/media?parent=173801"}],"wp:term":[{"taxonomy":"category","embeddable":true,"href":"https:\/\/www.cronicasdeitarantim.com.br\/v1\/wp-json\/wp\/v2\/categories?post=173801"},{"taxonomy":"post_tag","embeddable":true,"href":"https:\/\/www.cronicasdeitarantim.com.br\/v1\/wp-json\/wp\/v2\/tags?post=173801"}],"curies":[{"name":"wp","href":"https:\/\/api.w.org\/{rel}","templated":true}]}}