{"id":173769,"date":"2025-06-22T15:03:12","date_gmt":"2025-06-22T18:03:12","guid":{"rendered":"https:\/\/www.cronicasdeitarantim.com.br\/v1\/?p=173769"},"modified":"2025-06-22T15:03:12","modified_gmt":"2025-06-22T18:03:12","slug":"igor-kannario-causa-polemica-em-itapetinga-ao-gravar-video-com-cigarrinho-na-igrejinha-de-pedra","status":"publish","type":"post","link":"https:\/\/www.cronicasdeitarantim.com.br\/v1\/2025\/06\/22\/igor-kannario-causa-polemica-em-itapetinga-ao-gravar-video-com-cigarrinho-na-igrejinha-de-pedra\/","title":{"rendered":"Igor Kann\u00e1rio causa pol\u00eamica em Itapetinga ao gravar v\u00eddeo com &#8220;cigarrinho&#8221; na igrejinha de pedra"},"content":{"rendered":"<p>A expectativa para o S\u00e3o Jo\u00e3o de Itapetinga, principal cidade do m\u00e9dio sudoeste da Bahia, aumentou, mas n\u00e3o sem controv\u00e9rsias. O cantor Igor Kann\u00e1rio, conhecido por seu estilo musical que mistura pagode e funk, causou alvoro\u00e7o ao chegar \u00e0 cidade e gravar um v\u00eddeo na hist\u00f3rica igrejinha de pedra da cidade com um &#8220;cigarrinho&#8221; aceso e ao publicar nas suas redes sociais. Nele, o artista fez refer\u00eancias enigm\u00e1ticas, utilizando met\u00e1foras e n\u00fameros simb\u00f3licos que geraram interpreta\u00e7\u00f5es variadas entre os f\u00e3s e cr\u00edticos.<\/p>\n<p>Muitos internautas interpretaram as mensagens do cantor como alus\u00f5es a fac\u00e7\u00f5es, enquanto outros acreditam que ele estava se referindo aos poucos que realmente o apoiam em sua trajet\u00f3ria. Essa ambiguidade nas palavras de Kann\u00e1rio trouxe \u00e0 tona debates sobre a seguran\u00e7a e a mensagem que ele pode transmitir durante sua apresenta\u00e7\u00e3o.<\/p>\n<p>Desde o an\u00fancio da grade de artistas para o S\u00e3o Jo\u00e3o de Itapetinga, a presen\u00e7a do cantor foi questionada por parte da popula\u00e7\u00e3o. Cr\u00edticos argumentaram que seu estilo musical n\u00e3o se encaixa nas tradi\u00e7\u00f5es do m\u00eas junino, que geralmente \u00e9 marcado por forr\u00f3 e outras m\u00fasicas t\u00edpicas da cultura nordestina. No entanto, a Prefeitura Municipal optou por manter Igor Kann\u00e1rio na programa\u00e7\u00e3o, programando sua apresenta\u00e7\u00e3o para este domingo, 22 de junho.<\/p>\n<p>De acordo com informa\u00e7\u00f5es, a Prefeitura da cidade defendeu a escolha do artista como uma maneira de diversificar as atra\u00e7\u00f5es e atrair um p\u00fablico mais jovem para os festejos. &#8220;Queremos que o S\u00e3o Jo\u00e3o seja um espa\u00e7o inclusivo, onde diferentes estilos musicais possam coexistir. A m\u00fasica \u00e9 uma forma de uni\u00e3o e queremos que todos se sintam representados&#8221;, declarou uma pessoa da Prefeitura que a reda\u00e7\u00e3o do Cr\u00f4nicas de Itarantim teve contato.<\/p>\n<p>Enquanto isso, os f\u00e3s aguardam ansiosos pela performance do cantor, cientes das pol\u00eamicas que a cercam.<\/p>\n<p>No link voc\u00ea pode conferir o v\u00eddeo no nosso Instagram: <a href=\"https:\/\/www.instagram.com\/reel\/DLNl0DxxVtm\/?utm_source=ig_web_copy_link\">https:\/\/www.instagram.com\/reel\/DLNl0DxxVtm\/?utm_source=ig_web_copy_link<\/a><\/p>\n","protected":false},"excerpt":{"rendered":"<p>A expectativa para o S\u00e3o Jo\u00e3o de Itapetinga, principal cidade do m\u00e9dio sudoeste da Bahia, aumentou, mas n\u00e3o sem controv\u00e9rsias. O cantor Igor Kann\u00e1rio, conhecido por seu estilo musical que mistura pagode e funk, causou alvoro\u00e7o ao chegar \u00e0 cidade e gravar um v\u00eddeo na hist\u00f3rica igrejinha de pedra da cidade com um &#8220;cigarrinho&#8221; aceso e ao publicar nas suas redes sociais. Nele, o artista fez refer\u00eancias enigm\u00e1ticas, utilizando met\u00e1foras e n\u00fameros simb\u00f3licos que geraram interpreta\u00e7\u00f5es variadas entre os f\u00e3s e cr\u00edticos. Muitos internautas interpretaram as mensagens do cantor como alus\u00f5es a fac\u00e7\u00f5es, enquanto outros acreditam que ele estava se [&hellip;]<\/p>\n","protected":false},"author":4,"featured_media":173770,"comment_status":"open","ping_status":"open","sticky":false,"template":"","format":"standard","meta":[],"categories":[1],"tags":[3310,1780,3471,425,3472],"_links":{"self":[{"href":"https:\/\/www.cronicasdeitarantim.com.br\/v1\/wp-json\/wp\/v2\/posts\/173769"}],"collection":[{"href":"https:\/\/www.cronicasdeitarantim.com.br\/v1\/wp-json\/wp\/v2\/posts"}],"about":[{"href":"https:\/\/www.cronicasdeitarantim.com.br\/v1\/wp-json\/wp\/v2\/types\/post"}],"author":[{"embeddable":true,"href":"https:\/\/www.cronicasdeitarantim.com.br\/v1\/wp-json\/wp\/v2\/users\/4"}],"replies":[{"embeddable":true,"href":"https:\/\/www.cronicasdeitarantim.com.br\/v1\/wp-json\/wp\/v2\/comments?post=173769"}],"version-history":[{"count":1,"href":"https:\/\/www.cronicasdeitarantim.com.br\/v1\/wp-json\/wp\/v2\/posts\/173769\/revisions"}],"predecessor-version":[{"id":173771,"href":"https:\/\/www.cronicasdeitarantim.com.br\/v1\/wp-json\/wp\/v2\/posts\/173769\/revisions\/173771"}],"wp:featuredmedia":[{"embeddable":true,"href":"https:\/\/www.cronicasdeitarantim.com.br\/v1\/wp-json\/wp\/v2\/media\/173770"}],"wp:attachment":[{"href":"https:\/\/www.cronicasdeitarantim.com.br\/v1\/wp-json\/wp\/v2\/media?parent=173769"}],"wp:term":[{"taxonomy":"category","embeddable":true,"href":"https:\/\/www.cronicasdeitarantim.com.br\/v1\/wp-json\/wp\/v2\/categories?post=173769"},{"taxonomy":"post_tag","embeddable":true,"href":"https:\/\/www.cronicasdeitarantim.com.br\/v1\/wp-json\/wp\/v2\/tags?post=173769"}],"curies":[{"name":"wp","href":"https:\/\/api.w.org\/{rel}","templated":true}]}}