{"id":173670,"date":"2025-06-17T23:50:02","date_gmt":"2025-06-18T02:50:02","guid":{"rendered":"https:\/\/www.cronicasdeitarantim.com.br\/v1\/?p=173670"},"modified":"2025-06-17T23:50:02","modified_gmt":"2025-06-18T02:50:02","slug":"prefeito-de-itarantim-nao-meteu-danca-na-festa-e-populacao-notou-situacao-do-gestor-na-festa","status":"publish","type":"post","link":"https:\/\/www.cronicasdeitarantim.com.br\/v1\/2025\/06\/17\/prefeito-de-itarantim-nao-meteu-danca-na-festa-e-populacao-notou-situacao-do-gestor-na-festa\/","title":{"rendered":"Prefeito de Itarantim n\u00e3o &#8216;meteu dan\u00e7a&#8217; na festa e popula\u00e7\u00e3o notou situa\u00e7\u00e3o do gestor na festa"},"content":{"rendered":"<h4>O prefeito de Itarantim, F\u00e1bio Gusm\u00e3o, surpreendeu a todos ao n\u00e3o &#8220;meter dancinha&#8221; nas festas de anivers\u00e1rio da cidade este ano. Em anos anteriores, o prefeito costumava subir ao palco e protagonizar momentos divertidos ao som da banda Trio da Huanna, muitas vezes um pouco alterado pelos efeitos et\u00edlicos.<\/h4>\n<h4>Este ano muitas pessoas afirmaram que o prefeito n\u00e3o foi ao palco pelas condi\u00e7\u00f5es. Muita gente notou a situa\u00e7\u00e3o do gestor no camarote.<\/h4>\n<h4>Neste ano, apesar da mesma banda se apresentar, F\u00e1bio Gusm\u00e3o n\u00e3o foi ao palco. No entanto, o cantor Luizinho, da banda, fez uma visita ao camarote montado em frente ao palco e dan\u00e7ou com o prefeito, que tentou esbo\u00e7ar alguns passos.<\/h4>\n<h4>Um v\u00eddeo que circulou nas redes sociais brincou com a situa\u00e7\u00e3o, afirmando: &#8220;j\u00e1 que Maom\u00e9 n\u00e3o foi \u00e0 montanha, a montanha foi at\u00e9 Maom\u00e9&#8221;, fazendo refer\u00eancia ao fato de que o prefeito n\u00e3o subiu ao palco.<\/h4>\n","protected":false},"excerpt":{"rendered":"<p>O prefeito de Itarantim, F\u00e1bio Gusm\u00e3o, surpreendeu a todos ao n\u00e3o &#8220;meter dancinha&#8221; nas festas de anivers\u00e1rio da cidade este ano. Em anos anteriores, o prefeito costumava subir ao palco e protagonizar momentos divertidos ao som da banda Trio da Huanna, muitas vezes um pouco alterado pelos efeitos et\u00edlicos. Este ano muitas pessoas afirmaram que o prefeito n\u00e3o foi ao palco pelas condi\u00e7\u00f5es. Muita gente notou a situa\u00e7\u00e3o do gestor no camarote. Neste ano, apesar da mesma banda se apresentar, F\u00e1bio Gusm\u00e3o n\u00e3o foi ao palco. No entanto, o cantor Luizinho, da banda, fez uma visita ao camarote montado em [&hellip;]<\/p>\n","protected":false},"author":4,"featured_media":173672,"comment_status":"open","ping_status":"open","sticky":false,"template":"","format":"standard","meta":[],"categories":[304],"tags":[473,3310,1780,1067,385,1297],"_links":{"self":[{"href":"https:\/\/www.cronicasdeitarantim.com.br\/v1\/wp-json\/wp\/v2\/posts\/173670"}],"collection":[{"href":"https:\/\/www.cronicasdeitarantim.com.br\/v1\/wp-json\/wp\/v2\/posts"}],"about":[{"href":"https:\/\/www.cronicasdeitarantim.com.br\/v1\/wp-json\/wp\/v2\/types\/post"}],"author":[{"embeddable":true,"href":"https:\/\/www.cronicasdeitarantim.com.br\/v1\/wp-json\/wp\/v2\/users\/4"}],"replies":[{"embeddable":true,"href":"https:\/\/www.cronicasdeitarantim.com.br\/v1\/wp-json\/wp\/v2\/comments?post=173670"}],"version-history":[{"count":2,"href":"https:\/\/www.cronicasdeitarantim.com.br\/v1\/wp-json\/wp\/v2\/posts\/173670\/revisions"}],"predecessor-version":[{"id":173673,"href":"https:\/\/www.cronicasdeitarantim.com.br\/v1\/wp-json\/wp\/v2\/posts\/173670\/revisions\/173673"}],"wp:featuredmedia":[{"embeddable":true,"href":"https:\/\/www.cronicasdeitarantim.com.br\/v1\/wp-json\/wp\/v2\/media\/173672"}],"wp:attachment":[{"href":"https:\/\/www.cronicasdeitarantim.com.br\/v1\/wp-json\/wp\/v2\/media?parent=173670"}],"wp:term":[{"taxonomy":"category","embeddable":true,"href":"https:\/\/www.cronicasdeitarantim.com.br\/v1\/wp-json\/wp\/v2\/categories?post=173670"},{"taxonomy":"post_tag","embeddable":true,"href":"https:\/\/www.cronicasdeitarantim.com.br\/v1\/wp-json\/wp\/v2\/tags?post=173670"}],"curies":[{"name":"wp","href":"https:\/\/api.w.org\/{rel}","templated":true}]}}