{"id":173615,"date":"2025-06-16T12:19:38","date_gmt":"2025-06-16T15:19:38","guid":{"rendered":"https:\/\/www.cronicasdeitarantim.com.br\/v1\/?p=173615"},"modified":"2025-06-16T12:36:07","modified_gmt":"2025-06-16T15:36:07","slug":"campeonato-municipal-de-futebol-de-potiragua-comeca-definir-confrontos-da-reta-final","status":"publish","type":"post","link":"https:\/\/www.cronicasdeitarantim.com.br\/v1\/2025\/06\/16\/campeonato-municipal-de-futebol-de-potiragua-comeca-definir-confrontos-da-reta-final\/","title":{"rendered":"Campeonato Municipal de Futebol de Potiragu\u00e1 come\u00e7a definir confrontos da reta final"},"content":{"rendered":"<h4>O Campeonato Municipal de Futebol de Potiragu\u00e1, no m\u00e9dio sudoeste da Bahia, tem se destacado nos \u00faltimos anos como um dos principais eventos esportivos da regi\u00e3o. A competi\u00e7\u00e3o, organizada pela @prefeiturapotiragua por meio da coordena\u00e7\u00e3o de esportes do munic\u00edpio, conta com a participa\u00e7\u00e3o de grandes jogadores, que abrilhantam ainda mais as partidas e atraem a aten\u00e7\u00e3o de torcedores e da imprensa local e regional.<\/h4>\n<h4>Al\u00e9m da estrutura oferecida pela prefeitura, o campeonato ganhou visibilidade com a transmiss\u00e3o ao vivo pelo @canaltvcdigital, que vem transmitindo os jogos desde o ano passado com a narra\u00e7\u00e3o do grande Tony Santos mais conhecido como Palito. Sem conta com um gramado impec\u00e1vel que oferece aos atletas boas condi\u00e7\u00f5es de atua\u00e7\u00e3o. Essa iniciativa n\u00e3o apenas promove o esporte local, mas tamb\u00e9m permite que os potiraguenses que residem fora da cidade acompanhem as emo\u00e7\u00f5es do campeonato dando mais visibilidade ao certame.<\/h4>\n<h4>Neste domingo, 15 de junho, mais um confronto decisivo ocorreu, definindo um time classificado para a fase final. O Real Madrid enfrentou a equipe da Escolinha e saiu vitorioso com um impressionante placar de 6 a 1 de virada depois de sair perdendo. Agora, o time aguarda os resultados dos outros jogos para definir os confrontos da fase final.<\/h4>\n<h4>A reda\u00e7\u00e3o do site Cr\u00f4nicas de Itarantim esteve presente na partida e trouxe detalhes sobre alguns lances do jogo, al\u00e9m de uma entrevista com @rauldedeoficial, presidente do Real Madrid e vereador do munic\u00edpio, que tamb\u00e9m preside a C\u00e2mara Municipal. Em sua declara\u00e7\u00e3o, Raul destacou a import\u00e2ncia do campeonato para a comunidade e o incentivo ao esporte\u00a0na\u00a0regi\u00e3o.<\/h4>\n<p>Confira aqui entrevista e lance do jogo: <a href=\"https:\/\/www.instagram.com\/p\/DK91TY_Ru50\/?utm_source=ig_web_copy_link&amp;igsh=MzRlODBiNWFlZA==\">https:\/\/www.instagram.com\/p\/DK91TY_Ru50\/?utm_source=ig_web_copy_link&amp;igsh=MzRlODBiNWFlZA==<\/a><\/p>\n<p><a href=\"https:\/\/www.cronicasdeitarantim.com.br\/v1\/wp-content\/uploads\/2025\/06\/507047839_2221270248290211_5612668388717994019_n.jpg\"><img decoding=\"async\" loading=\"lazy\" class=\"alignnone size-full wp-image-173619\" src=\"https:\/\/www.cronicasdeitarantim.com.br\/v1\/wp-content\/uploads\/2025\/06\/507047839_2221270248290211_5612668388717994019_n.jpg\" alt=\"\" width=\"730\" height=\"337\" srcset=\"https:\/\/www.cronicasdeitarantim.com.br\/v1\/wp-content\/uploads\/2025\/06\/507047839_2221270248290211_5612668388717994019_n.jpg 730w, https:\/\/www.cronicasdeitarantim.com.br\/v1\/wp-content\/uploads\/2025\/06\/507047839_2221270248290211_5612668388717994019_n-300x138.jpg 300w, https:\/\/www.cronicasdeitarantim.com.br\/v1\/wp-content\/uploads\/2025\/06\/507047839_2221270248290211_5612668388717994019_n-400x185.jpg 400w\" sizes=\"(max-width: 730px) 100vw, 730px\" \/><\/a> <a href=\"https:\/\/www.cronicasdeitarantim.com.br\/v1\/wp-content\/uploads\/2025\/06\/507107831_2221269818290254_6188267998546578912_n.jpg\"><img decoding=\"async\" loading=\"lazy\" class=\"alignnone size-full wp-image-173620\" src=\"https:\/\/www.cronicasdeitarantim.com.br\/v1\/wp-content\/uploads\/2025\/06\/507107831_2221269818290254_6188267998546578912_n.jpg\" alt=\"\" width=\"730\" height=\"337\" srcset=\"https:\/\/www.cronicasdeitarantim.com.br\/v1\/wp-content\/uploads\/2025\/06\/507107831_2221269818290254_6188267998546578912_n.jpg 730w, https:\/\/www.cronicasdeitarantim.com.br\/v1\/wp-content\/uploads\/2025\/06\/507107831_2221269818290254_6188267998546578912_n-300x138.jpg 300w, https:\/\/www.cronicasdeitarantim.com.br\/v1\/wp-content\/uploads\/2025\/06\/507107831_2221269818290254_6188267998546578912_n-400x185.jpg 400w\" sizes=\"(max-width: 730px) 100vw, 730px\" \/><\/a><\/p>\n<p><a href=\"https:\/\/www.cronicasdeitarantim.com.br\/v1\/wp-content\/uploads\/2025\/06\/IMG_20250615_145946_compress7.jpg\"><img decoding=\"async\" loading=\"lazy\" class=\"alignnone size-full wp-image-173622\" src=\"https:\/\/www.cronicasdeitarantim.com.br\/v1\/wp-content\/uploads\/2025\/06\/IMG_20250615_145946_compress7.jpg\" alt=\"\" width=\"730\" height=\"337\" srcset=\"https:\/\/www.cronicasdeitarantim.com.br\/v1\/wp-content\/uploads\/2025\/06\/IMG_20250615_145946_compress7.jpg 730w, https:\/\/www.cronicasdeitarantim.com.br\/v1\/wp-content\/uploads\/2025\/06\/IMG_20250615_145946_compress7-300x138.jpg 300w, https:\/\/www.cronicasdeitarantim.com.br\/v1\/wp-content\/uploads\/2025\/06\/IMG_20250615_145946_compress7-400x185.jpg 400w\" sizes=\"(max-width: 730px) 100vw, 730px\" \/><\/a><\/p>\n<p><a href=\"https:\/\/www.cronicasdeitarantim.com.br\/v1\/wp-content\/uploads\/2025\/06\/IMG_20250615_152125_compress96.jpg\"><img decoding=\"async\" loading=\"lazy\" class=\"alignnone size-full wp-image-173625\" src=\"https:\/\/www.cronicasdeitarantim.com.br\/v1\/wp-content\/uploads\/2025\/06\/IMG_20250615_152125_compress96.jpg\" alt=\"\" width=\"730\" height=\"337\" srcset=\"https:\/\/www.cronicasdeitarantim.com.br\/v1\/wp-content\/uploads\/2025\/06\/IMG_20250615_152125_compress96.jpg 730w, https:\/\/www.cronicasdeitarantim.com.br\/v1\/wp-content\/uploads\/2025\/06\/IMG_20250615_152125_compress96-300x138.jpg 300w, https:\/\/www.cronicasdeitarantim.com.br\/v1\/wp-content\/uploads\/2025\/06\/IMG_20250615_152125_compress96-400x185.jpg 400w\" sizes=\"(max-width: 730px) 100vw, 730px\" \/><\/a> <a href=\"https:\/\/www.cronicasdeitarantim.com.br\/v1\/wp-content\/uploads\/2025\/06\/IMG_20250615_163449_compress48.jpg\"><img decoding=\"async\" loading=\"lazy\" class=\"alignnone size-full wp-image-173624\" src=\"https:\/\/www.cronicasdeitarantim.com.br\/v1\/wp-content\/uploads\/2025\/06\/IMG_20250615_163449_compress48.jpg\" alt=\"\" width=\"730\" height=\"337\" srcset=\"https:\/\/www.cronicasdeitarantim.com.br\/v1\/wp-content\/uploads\/2025\/06\/IMG_20250615_163449_compress48.jpg 730w, https:\/\/www.cronicasdeitarantim.com.br\/v1\/wp-content\/uploads\/2025\/06\/IMG_20250615_163449_compress48-300x138.jpg 300w, https:\/\/www.cronicasdeitarantim.com.br\/v1\/wp-content\/uploads\/2025\/06\/IMG_20250615_163449_compress48-400x185.jpg 400w\" sizes=\"(max-width: 730px) 100vw, 730px\" \/><\/a><\/p>\n<p>&nbsp;<\/p>\n","protected":false},"excerpt":{"rendered":"<p>O Campeonato Municipal de Futebol de Potiragu\u00e1, no m\u00e9dio sudoeste da Bahia, tem se destacado nos \u00faltimos anos como um dos principais eventos esportivos da regi\u00e3o. A competi\u00e7\u00e3o, organizada pela @prefeiturapotiragua por meio da coordena\u00e7\u00e3o de esportes do munic\u00edpio, conta com a participa\u00e7\u00e3o de grandes jogadores, que abrilhantam ainda mais as partidas e atraem a aten\u00e7\u00e3o de torcedores e da imprensa local e regional. Al\u00e9m da estrutura oferecida pela prefeitura, o campeonato ganhou visibilidade com a transmiss\u00e3o ao vivo pelo @canaltvcdigital, que vem transmitindo os jogos desde o ano passado com a narra\u00e7\u00e3o do grande Tony Santos mais conhecido como [&hellip;]<\/p>\n","protected":false},"author":4,"featured_media":173616,"comment_status":"open","ping_status":"open","sticky":false,"template":"","format":"standard","meta":[],"categories":[299],"tags":[3310,2232,1780,137,428,437],"_links":{"self":[{"href":"https:\/\/www.cronicasdeitarantim.com.br\/v1\/wp-json\/wp\/v2\/posts\/173615"}],"collection":[{"href":"https:\/\/www.cronicasdeitarantim.com.br\/v1\/wp-json\/wp\/v2\/posts"}],"about":[{"href":"https:\/\/www.cronicasdeitarantim.com.br\/v1\/wp-json\/wp\/v2\/types\/post"}],"author":[{"embeddable":true,"href":"https:\/\/www.cronicasdeitarantim.com.br\/v1\/wp-json\/wp\/v2\/users\/4"}],"replies":[{"embeddable":true,"href":"https:\/\/www.cronicasdeitarantim.com.br\/v1\/wp-json\/wp\/v2\/comments?post=173615"}],"version-history":[{"count":5,"href":"https:\/\/www.cronicasdeitarantim.com.br\/v1\/wp-json\/wp\/v2\/posts\/173615\/revisions"}],"predecessor-version":[{"id":173626,"href":"https:\/\/www.cronicasdeitarantim.com.br\/v1\/wp-json\/wp\/v2\/posts\/173615\/revisions\/173626"}],"wp:featuredmedia":[{"embeddable":true,"href":"https:\/\/www.cronicasdeitarantim.com.br\/v1\/wp-json\/wp\/v2\/media\/173616"}],"wp:attachment":[{"href":"https:\/\/www.cronicasdeitarantim.com.br\/v1\/wp-json\/wp\/v2\/media?parent=173615"}],"wp:term":[{"taxonomy":"category","embeddable":true,"href":"https:\/\/www.cronicasdeitarantim.com.br\/v1\/wp-json\/wp\/v2\/categories?post=173615"},{"taxonomy":"post_tag","embeddable":true,"href":"https:\/\/www.cronicasdeitarantim.com.br\/v1\/wp-json\/wp\/v2\/tags?post=173615"}],"curies":[{"name":"wp","href":"https:\/\/api.w.org\/{rel}","templated":true}]}}