{"id":173538,"date":"2025-06-12T14:18:49","date_gmt":"2025-06-12T17:18:49","guid":{"rendered":"https:\/\/www.cronicasdeitarantim.com.br\/v1\/?p=173538"},"modified":"2025-06-12T14:18:49","modified_gmt":"2025-06-12T17:18:49","slug":"luto-na-musica-regional-morre-o-cantor-e-compositor-evandro-correia","status":"publish","type":"post","link":"https:\/\/www.cronicasdeitarantim.com.br\/v1\/2025\/06\/12\/luto-na-musica-regional-morre-o-cantor-e-compositor-evandro-correia\/","title":{"rendered":"Luto na m\u00fasica regional, morre o cantor e compositor Evandro Correia"},"content":{"rendered":"<article id=\"post-61582\" class=\"post-61582 post type-post status-publish format-standard has-post-thumbnail hentry category-luto tag-destaque\">\n<div class=\"entry-content\">\n<p>Morreu nesta quinta-feira, 12 de junho, o cantor e compositor, Evandro Correia de 66 anos de idade e de acordo com informa\u00e7\u00f5es, faleceu em decorr\u00eancia de um infarto. A Prefeitura de Vit\u00f3ria da Conquista publicou uma nota lamentando a morte do artista que era uma das grandes vozes da m\u00fasica regional e cl\u00e1ssicos da m\u00fasica popular brasileira.<\/p>\n<p>Evandro nasceu em 30 de abril do ano de 1959, no bairro Alto Maron e iniciou sua carreira musical em 1980, ao vencer o primeiro Festival Estudantil do Sudoeste da Bahia com sua m\u00fasica \u201cRosa Flor\u201d. Em 1991, gravou o seu primeiro disco intitulado \u201cMenino da Vida\u201d, seguido por \u201cGema\u201d (1993) e \u201cDivindade\u201d (1997).<\/p>\n<p>Com mais de 30 anos de carreira musical, lan\u00e7ou 11 discos e dois DVD\u2019s e desenvolveu parcerias com Dominguinhos, Xangai e Paulinho Pedra Azul. Dono de uma voz imponente, estilo \u00fanico e vasto repertorio, Evandro foi um dos conquistenses que melhor representou a M\u00fasica Popular Brasileira.<\/p>\n<p>O secret\u00e1rio de Cultura, Eug\u00eanio Avelino (Xangai), e demais membros do Governo Municipal se solidarizam com os familiares, amigos e admiradores de Evandro Correia.<\/p>\n<\/div>\n<div class=\"row publicidade\"><\/div>\n<footer class=\"entry-footer\"><\/footer>\n<\/article>\n","protected":false},"excerpt":{"rendered":"<p>Morreu nesta quinta-feira, 12 de junho, o cantor e compositor, Evandro Correia de 66 anos de idade e de acordo com informa\u00e7\u00f5es, faleceu em decorr\u00eancia de um infarto. A Prefeitura de Vit\u00f3ria da Conquista publicou uma nota lamentando a morte do artista que era uma das grandes vozes da m\u00fasica regional e cl\u00e1ssicos da m\u00fasica popular brasileira. Evandro nasceu em 30 de abril do ano de 1959, no bairro Alto Maron e iniciou sua carreira musical em 1980, ao vencer o primeiro Festival Estudantil do Sudoeste da Bahia com sua m\u00fasica \u201cRosa Flor\u201d. Em 1991, gravou o seu primeiro disco [&hellip;]<\/p>\n","protected":false},"author":4,"featured_media":173539,"comment_status":"open","ping_status":"open","sticky":false,"template":"","format":"standard","meta":[],"categories":[538],"tags":[3310,1780,495,204,447],"_links":{"self":[{"href":"https:\/\/www.cronicasdeitarantim.com.br\/v1\/wp-json\/wp\/v2\/posts\/173538"}],"collection":[{"href":"https:\/\/www.cronicasdeitarantim.com.br\/v1\/wp-json\/wp\/v2\/posts"}],"about":[{"href":"https:\/\/www.cronicasdeitarantim.com.br\/v1\/wp-json\/wp\/v2\/types\/post"}],"author":[{"embeddable":true,"href":"https:\/\/www.cronicasdeitarantim.com.br\/v1\/wp-json\/wp\/v2\/users\/4"}],"replies":[{"embeddable":true,"href":"https:\/\/www.cronicasdeitarantim.com.br\/v1\/wp-json\/wp\/v2\/comments?post=173538"}],"version-history":[{"count":1,"href":"https:\/\/www.cronicasdeitarantim.com.br\/v1\/wp-json\/wp\/v2\/posts\/173538\/revisions"}],"predecessor-version":[{"id":173540,"href":"https:\/\/www.cronicasdeitarantim.com.br\/v1\/wp-json\/wp\/v2\/posts\/173538\/revisions\/173540"}],"wp:featuredmedia":[{"embeddable":true,"href":"https:\/\/www.cronicasdeitarantim.com.br\/v1\/wp-json\/wp\/v2\/media\/173539"}],"wp:attachment":[{"href":"https:\/\/www.cronicasdeitarantim.com.br\/v1\/wp-json\/wp\/v2\/media?parent=173538"}],"wp:term":[{"taxonomy":"category","embeddable":true,"href":"https:\/\/www.cronicasdeitarantim.com.br\/v1\/wp-json\/wp\/v2\/categories?post=173538"},{"taxonomy":"post_tag","embeddable":true,"href":"https:\/\/www.cronicasdeitarantim.com.br\/v1\/wp-json\/wp\/v2\/tags?post=173538"}],"curies":[{"name":"wp","href":"https:\/\/api.w.org\/{rel}","templated":true}]}}