{"id":173412,"date":"2025-06-08T12:56:48","date_gmt":"2025-06-08T15:56:48","guid":{"rendered":"https:\/\/www.cronicasdeitarantim.com.br\/v1\/?p=173412"},"modified":"2025-06-08T12:58:27","modified_gmt":"2025-06-08T15:58:27","slug":"onibus-da-empresa-brasileiro-foi-atacado-em-desvio-da-veracel-nesta-madrugada","status":"publish","type":"post","link":"https:\/\/www.cronicasdeitarantim.com.br\/v1\/2025\/06\/08\/onibus-da-empresa-brasileiro-foi-atacado-em-desvio-da-veracel-nesta-madrugada\/","title":{"rendered":"\u00d4nibus da empresa Brasileiro foi atacado em desvio da Veracel nesta madrugada"},"content":{"rendered":"<p>Um \u00f4nibus da empresa Expresso Brasileiro, que faz a linha Vit\u00f3ria da Conquista &#8211; Porto Seguro, foi atacado com disparos de armas de fogo por bandidos em uma localidade conhecida como Veracel em um trecho de desvio por conta da interdi\u00e7\u00e3o da ponte do rio Jequitinhonha, pr\u00f3xima ao distrito de Santa Maria Eterna no sul da Bahia na madrugada deste domingo, 08 de junho.<\/p>\n<p>De acordo com as informa\u00e7\u00f5es, os passageiros passaram por momentos de p\u00e2nico quando os bandidos tentaram parar o \u00f4nibus com v\u00e1rios tiros. O motorista do ve\u00edculo conseguiu manter o \u00f4nibus na estrada e chegou at\u00e9 uma guarni\u00e7\u00e3o da pol\u00edcia, onde os agentes de seguran\u00e7a prestaram total apoio aos passageiros que relataram\u00a0a\u00a0situa\u00e7\u00e3o.<\/p>\n","protected":false},"excerpt":{"rendered":"<p>Um \u00f4nibus da empresa Expresso Brasileiro, que faz a linha Vit\u00f3ria da Conquista &#8211; Porto Seguro, foi atacado com disparos de armas de fogo por bandidos em uma localidade conhecida como Veracel em um trecho de desvio por conta da interdi\u00e7\u00e3o da ponte do rio Jequitinhonha, pr\u00f3xima ao distrito de Santa Maria Eterna no sul da Bahia na madrugada deste domingo, 08 de junho. De acordo com as informa\u00e7\u00f5es, os passageiros passaram por momentos de p\u00e2nico quando os bandidos tentaram parar o \u00f4nibus com v\u00e1rios tiros. O motorista do ve\u00edculo conseguiu manter o \u00f4nibus na estrada e chegou at\u00e9 uma [&hellip;]<\/p>\n","protected":false},"author":4,"featured_media":173413,"comment_status":"open","ping_status":"open","sticky":false,"template":"","format":"standard","meta":[],"categories":[306],"tags":[76,3310,1780,1374,427],"_links":{"self":[{"href":"https:\/\/www.cronicasdeitarantim.com.br\/v1\/wp-json\/wp\/v2\/posts\/173412"}],"collection":[{"href":"https:\/\/www.cronicasdeitarantim.com.br\/v1\/wp-json\/wp\/v2\/posts"}],"about":[{"href":"https:\/\/www.cronicasdeitarantim.com.br\/v1\/wp-json\/wp\/v2\/types\/post"}],"author":[{"embeddable":true,"href":"https:\/\/www.cronicasdeitarantim.com.br\/v1\/wp-json\/wp\/v2\/users\/4"}],"replies":[{"embeddable":true,"href":"https:\/\/www.cronicasdeitarantim.com.br\/v1\/wp-json\/wp\/v2\/comments?post=173412"}],"version-history":[{"count":2,"href":"https:\/\/www.cronicasdeitarantim.com.br\/v1\/wp-json\/wp\/v2\/posts\/173412\/revisions"}],"predecessor-version":[{"id":173415,"href":"https:\/\/www.cronicasdeitarantim.com.br\/v1\/wp-json\/wp\/v2\/posts\/173412\/revisions\/173415"}],"wp:featuredmedia":[{"embeddable":true,"href":"https:\/\/www.cronicasdeitarantim.com.br\/v1\/wp-json\/wp\/v2\/media\/173413"}],"wp:attachment":[{"href":"https:\/\/www.cronicasdeitarantim.com.br\/v1\/wp-json\/wp\/v2\/media?parent=173412"}],"wp:term":[{"taxonomy":"category","embeddable":true,"href":"https:\/\/www.cronicasdeitarantim.com.br\/v1\/wp-json\/wp\/v2\/categories?post=173412"},{"taxonomy":"post_tag","embeddable":true,"href":"https:\/\/www.cronicasdeitarantim.com.br\/v1\/wp-json\/wp\/v2\/tags?post=173412"}],"curies":[{"name":"wp","href":"https:\/\/api.w.org\/{rel}","templated":true}]}}