{"id":173352,"date":"2025-06-05T01:07:03","date_gmt":"2025-06-05T04:07:03","guid":{"rendered":"https:\/\/www.cronicasdeitarantim.com.br\/v1\/?p=173352"},"modified":"2025-06-05T01:07:03","modified_gmt":"2025-06-05T04:07:03","slug":"prefeitura-de-cidade-baiana-fara-11-dias-de-festa-e-lidera-numero-de-dias-na-bahia","status":"publish","type":"post","link":"https:\/\/www.cronicasdeitarantim.com.br\/v1\/2025\/06\/05\/prefeitura-de-cidade-baiana-fara-11-dias-de-festa-e-lidera-numero-de-dias-na-bahia\/","title":{"rendered":"Prefeitura de cidade baiana far\u00e1 11 dias de festa e lidera n\u00famero de dias na Bahia"},"content":{"rendered":"<div class=\"conteudo_post\">\n<p>Com 11 dias de programa\u00e7\u00e3o, Livramento de Nossa Senhora ser\u00e1 o munic\u00edpio com mais dias de festejos juninos na Bahia em 2025. Localizada na regi\u00e3o do Sert\u00e3o Produtivo, a cidade vai promover shows em mais de um ter\u00e7o do m\u00eas de junho, com um investimento de R$ 3,7 milh\u00f5es em 25 atra\u00e7\u00f5es art\u00edsticas \u2014 mais que o dobro dos R$ 1,7 milh\u00e3o gastos em 2024.<\/p>\n<p>O cantor Pablo, que se apresenta no dia 9 de junho, lidera a lista de cach\u00eas, com valor contratado de R$ 550 mil. Tamb\u00e9m est\u00e3o confirmados nomes como Eduardo Costa, Z\u00e9 Vaqueiro, Tayrone e Mastruz com Leite. Os dados foram divulgados pelo Painel de Transpar\u00eancia dos Festejos Juninos, do Minist\u00e9rio P\u00fablico da Bahia (MP-BA).<\/p>\n<p>Com pouco mais de 43 mil habitantes, Livramento teve um PIB per capita de R$ 12.415,24 em 2021, ocupando a 182\u00aa posi\u00e7\u00e3o entre os 417 munic\u00edpios baianos, segundo o IBGE.<\/p>\n<p><strong>Painel de Transpar\u00eancia<\/strong><\/p>\n<p>O MP-BA prorrogou at\u00e9 sexta-feira (6) o prazo para que os gestores municipais informem os gastos com festas juninas realizadas entre 1\u00ba de maio e 30 de julho. A iniciativa \u00e9 uma parceria com os Tribunais de Contas do Estado (TCE) e dos Munic\u00edpios (TCM), al\u00e9m de outras institui\u00e7\u00f5es como a UPB, Ucib, Sebrae-BA e Ufba.<\/p>\n<p>A ferramenta permite que cidad\u00e3os acompanhem os investimentos p\u00fablicos em eventos festivos e auxilia na fiscaliza\u00e7\u00e3o do uso de recursos p\u00fablicos nos munic\u00edpios baianos.<\/p>\n<\/div>\n<div id=\"div-share\"><\/div>\n","protected":false},"excerpt":{"rendered":"<p>Com 11 dias de programa\u00e7\u00e3o, Livramento de Nossa Senhora ser\u00e1 o munic\u00edpio com mais dias de festejos juninos na Bahia em 2025. Localizada na regi\u00e3o do Sert\u00e3o Produtivo, a cidade vai promover shows em mais de um ter\u00e7o do m\u00eas de junho, com um investimento de R$ 3,7 milh\u00f5es em 25 atra\u00e7\u00f5es art\u00edsticas \u2014 mais que o dobro dos R$ 1,7 milh\u00e3o gastos em 2024. O cantor Pablo, que se apresenta no dia 9 de junho, lidera a lista de cach\u00eas, com valor contratado de R$ 550 mil. Tamb\u00e9m est\u00e3o confirmados nomes como Eduardo Costa, Z\u00e9 Vaqueiro, Tayrone e Mastruz [&hellip;]<\/p>\n","protected":false},"author":4,"featured_media":157455,"comment_status":"open","ping_status":"open","sticky":false,"template":"","format":"standard","meta":[],"categories":[295],"tags":[76,3310,1780,1067],"_links":{"self":[{"href":"https:\/\/www.cronicasdeitarantim.com.br\/v1\/wp-json\/wp\/v2\/posts\/173352"}],"collection":[{"href":"https:\/\/www.cronicasdeitarantim.com.br\/v1\/wp-json\/wp\/v2\/posts"}],"about":[{"href":"https:\/\/www.cronicasdeitarantim.com.br\/v1\/wp-json\/wp\/v2\/types\/post"}],"author":[{"embeddable":true,"href":"https:\/\/www.cronicasdeitarantim.com.br\/v1\/wp-json\/wp\/v2\/users\/4"}],"replies":[{"embeddable":true,"href":"https:\/\/www.cronicasdeitarantim.com.br\/v1\/wp-json\/wp\/v2\/comments?post=173352"}],"version-history":[{"count":1,"href":"https:\/\/www.cronicasdeitarantim.com.br\/v1\/wp-json\/wp\/v2\/posts\/173352\/revisions"}],"predecessor-version":[{"id":173353,"href":"https:\/\/www.cronicasdeitarantim.com.br\/v1\/wp-json\/wp\/v2\/posts\/173352\/revisions\/173353"}],"wp:featuredmedia":[{"embeddable":true,"href":"https:\/\/www.cronicasdeitarantim.com.br\/v1\/wp-json\/wp\/v2\/media\/157455"}],"wp:attachment":[{"href":"https:\/\/www.cronicasdeitarantim.com.br\/v1\/wp-json\/wp\/v2\/media?parent=173352"}],"wp:term":[{"taxonomy":"category","embeddable":true,"href":"https:\/\/www.cronicasdeitarantim.com.br\/v1\/wp-json\/wp\/v2\/categories?post=173352"},{"taxonomy":"post_tag","embeddable":true,"href":"https:\/\/www.cronicasdeitarantim.com.br\/v1\/wp-json\/wp\/v2\/tags?post=173352"}],"curies":[{"name":"wp","href":"https:\/\/api.w.org\/{rel}","templated":true}]}}