{"id":173349,"date":"2025-06-05T00:20:20","date_gmt":"2025-06-05T03:20:20","guid":{"rendered":"https:\/\/www.cronicasdeitarantim.com.br\/v1\/?p=173349"},"modified":"2025-06-05T00:20:20","modified_gmt":"2025-06-05T03:20:20","slug":"mais-de-130-quilos-de-drogas-e-fuzil-sao-apreendidos-em-operacao-conjunta-na-bahia","status":"publish","type":"post","link":"https:\/\/www.cronicasdeitarantim.com.br\/v1\/2025\/06\/05\/mais-de-130-quilos-de-drogas-e-fuzil-sao-apreendidos-em-operacao-conjunta-na-bahia\/","title":{"rendered":"Mais de 130 quilos de drogas e fuzil s\u00e3o apreendidos em opera\u00e7\u00e3o conjunta na Bahia"},"content":{"rendered":"<p>Uma opera\u00e7\u00e3o conjunta entre a Pol\u00edcia Civil da Bahia e a Pol\u00edcia Rodovi\u00e1ria Federal (PRF) resultou na pris\u00e3o de tr\u00eas homens pelos crimes de tr\u00e1fico de drogas, associa\u00e7\u00e3o para o tr\u00e1fico e porte ilegal de arma de fogo de uso restrito. A a\u00e7\u00e3o ocorreu na manh\u00e3 desta ter\u00e7a-feira (3), em Feira de Santana.<\/p>\n<p>Durante a a\u00e7\u00e3o, as equipes interceptaram um ve\u00edculo na BR-116, onde foram encontrados 131 quilos de maconha, um quilo de pasta base de coca\u00edna, um fuzil Colt calibre 5.56mm e dois carregadores. Dois homens que transportavam o material foram conduzidos para a delegacia, sendo um preso em flagrante e o outro foi ouvido e liberado, por n\u00e3o haver ind\u00edcios de liga\u00e7\u00e3o com o crime.<\/p>\n<p>Conforme as investiga\u00e7\u00f5es, a carga havia sa\u00eddo do Rio de Janeiro e seria entregue a um grupo criminoso com atua\u00e7\u00e3o no munic\u00edpio e regi\u00e3o. Ap\u00f3s a apreens\u00e3o da carga, as investiga\u00e7\u00f5es e dilig\u00eancias continuaram, e equipes da Delegacia de T\u00f3xicos e Entorpecentes (DTE) de Feira de Santana prenderam outros dois homens no bairro Novo Horizonte, suspeitos de serem os receptadores da droga e das armas. O material apreendido foi encaminhado para per\u00edcia e os tr\u00eas presos est\u00e3o \u00e0 disposi\u00e7\u00e3o do Poder Judici\u00e1rio.<\/p>\n<p>De acordo com o delegado Eudes Aquino, titular da DTE\/Feira, a integra\u00e7\u00e3o entre as for\u00e7as de seguran\u00e7a tem sido essencial para impedir o avan\u00e7o do crime e retirar armas e drogas de circula\u00e7\u00e3o. \u201cEssas a\u00e7\u00f5es v\u00e3o al\u00e9m das apreens\u00f5es: t\u00eam impacto direto na redu\u00e7\u00e3o dos fatores que alimentam a criminalidade no munic\u00edpio. Seguiremos com as investiga\u00e7\u00f5es para identificar os demais envolvidos e judicializar todos os respons\u00e1veis\u201d.<\/p>\n","protected":false},"excerpt":{"rendered":"<p>Uma opera\u00e7\u00e3o conjunta entre a Pol\u00edcia Civil da Bahia e a Pol\u00edcia Rodovi\u00e1ria Federal (PRF) resultou na pris\u00e3o de tr\u00eas homens pelos crimes de tr\u00e1fico de drogas, associa\u00e7\u00e3o para o tr\u00e1fico e porte ilegal de arma de fogo de uso restrito. A a\u00e7\u00e3o ocorreu na manh\u00e3 desta ter\u00e7a-feira (3), em Feira de Santana. Durante a a\u00e7\u00e3o, as equipes interceptaram um ve\u00edculo na BR-116, onde foram encontrados 131 quilos de maconha, um quilo de pasta base de coca\u00edna, um fuzil Colt calibre 5.56mm e dois carregadores. Dois homens que transportavam o material foram conduzidos para a delegacia, sendo um preso em [&hellip;]<\/p>\n","protected":false},"author":4,"featured_media":173350,"comment_status":"open","ping_status":"open","sticky":false,"template":"","format":"standard","meta":[],"categories":[306],"tags":[2288,67,76,3310,1780,533],"_links":{"self":[{"href":"https:\/\/www.cronicasdeitarantim.com.br\/v1\/wp-json\/wp\/v2\/posts\/173349"}],"collection":[{"href":"https:\/\/www.cronicasdeitarantim.com.br\/v1\/wp-json\/wp\/v2\/posts"}],"about":[{"href":"https:\/\/www.cronicasdeitarantim.com.br\/v1\/wp-json\/wp\/v2\/types\/post"}],"author":[{"embeddable":true,"href":"https:\/\/www.cronicasdeitarantim.com.br\/v1\/wp-json\/wp\/v2\/users\/4"}],"replies":[{"embeddable":true,"href":"https:\/\/www.cronicasdeitarantim.com.br\/v1\/wp-json\/wp\/v2\/comments?post=173349"}],"version-history":[{"count":1,"href":"https:\/\/www.cronicasdeitarantim.com.br\/v1\/wp-json\/wp\/v2\/posts\/173349\/revisions"}],"predecessor-version":[{"id":173351,"href":"https:\/\/www.cronicasdeitarantim.com.br\/v1\/wp-json\/wp\/v2\/posts\/173349\/revisions\/173351"}],"wp:featuredmedia":[{"embeddable":true,"href":"https:\/\/www.cronicasdeitarantim.com.br\/v1\/wp-json\/wp\/v2\/media\/173350"}],"wp:attachment":[{"href":"https:\/\/www.cronicasdeitarantim.com.br\/v1\/wp-json\/wp\/v2\/media?parent=173349"}],"wp:term":[{"taxonomy":"category","embeddable":true,"href":"https:\/\/www.cronicasdeitarantim.com.br\/v1\/wp-json\/wp\/v2\/categories?post=173349"},{"taxonomy":"post_tag","embeddable":true,"href":"https:\/\/www.cronicasdeitarantim.com.br\/v1\/wp-json\/wp\/v2\/tags?post=173349"}],"curies":[{"name":"wp","href":"https:\/\/api.w.org\/{rel}","templated":true}]}}