{"id":173319,"date":"2025-06-03T23:19:51","date_gmt":"2025-06-04T02:19:51","guid":{"rendered":"https:\/\/www.cronicasdeitarantim.com.br\/v1\/?p=173319"},"modified":"2025-06-03T23:19:51","modified_gmt":"2025-06-04T02:19:51","slug":"mundo-treta-de-elon-musk-e-trump-ao-chamar-proposta-de-abominacao-nojenta-dias-apos-saida-do-governo","status":"publish","type":"post","link":"https:\/\/www.cronicasdeitarantim.com.br\/v1\/2025\/06\/03\/mundo-treta-de-elon-musk-e-trump-ao-chamar-proposta-de-abominacao-nojenta-dias-apos-saida-do-governo\/","title":{"rendered":"Mundo: Treta de Elon Musk e Trump ao chamar proposta de \u201cabomina\u00e7\u00e3o nojenta\u201d dias ap\u00f3s sa\u00edda do governo"},"content":{"rendered":"<div class=\"styles__Body-sc-1ffquwr-7 ePhtZb\">\n<p>Elon Musk, nesta ter\u00e7a-feira (3), criticou duramente o projeto de lei da agenda do presidente Donald Trump \u2014 que o presidente est\u00e1 pressionando os senadores republicanos a apoiarem \u2014 chamando-o de uma \u201cabomina\u00e7\u00e3o nojenta\u201d.<\/p>\n<p>\u201cDesculpe, mas eu simplesmente n\u00e3o suporto mais. Esse enorme e escandaloso projeto de lei do Congresso, cheio de gastos excessivos, \u00e9 uma abomina\u00e7\u00e3o nojenta\u201d, publicou o bilion\u00e1rio da tecnologia no X. \u201cVergonha para quem votou a favor: voc\u00eas sabem que fizeram errado. Voc\u00eas sabem.\u201d<\/p>\n<p>Ele acrescentou em outra publica\u00e7\u00e3o: \u201cO Congresso est\u00e1 levando a Am\u00e9rica \u00e0 fal\u00eancia.\u201d<\/p>\n<p>Parece que acabou o amor dos principais representantes da extrema direita que na campanha fizeram v\u00e1rias declara\u00e7\u00f5es.<\/p>\n<\/div>\n","protected":false},"excerpt":{"rendered":"<p>Elon Musk, nesta ter\u00e7a-feira (3), criticou duramente o projeto de lei da agenda do presidente Donald Trump \u2014 que o presidente est\u00e1 pressionando os senadores republicanos a apoiarem \u2014 chamando-o de uma \u201cabomina\u00e7\u00e3o nojenta\u201d. \u201cDesculpe, mas eu simplesmente n\u00e3o suporto mais. Esse enorme e escandaloso projeto de lei do Congresso, cheio de gastos excessivos, \u00e9 uma abomina\u00e7\u00e3o nojenta\u201d, publicou o bilion\u00e1rio da tecnologia no X. \u201cVergonha para quem votou a favor: voc\u00eas sabem que fizeram errado. Voc\u00eas sabem.\u201d Ele acrescentou em outra publica\u00e7\u00e3o: \u201cO Congresso est\u00e1 levando a Am\u00e9rica \u00e0 fal\u00eancia.\u201d Parece que acabou o amor dos principais representantes da [&hellip;]<\/p>\n","protected":false},"author":4,"featured_media":173320,"comment_status":"open","ping_status":"open","sticky":false,"template":"","format":"standard","meta":[],"categories":[1261],"tags":[3310,1780,2715,456],"_links":{"self":[{"href":"https:\/\/www.cronicasdeitarantim.com.br\/v1\/wp-json\/wp\/v2\/posts\/173319"}],"collection":[{"href":"https:\/\/www.cronicasdeitarantim.com.br\/v1\/wp-json\/wp\/v2\/posts"}],"about":[{"href":"https:\/\/www.cronicasdeitarantim.com.br\/v1\/wp-json\/wp\/v2\/types\/post"}],"author":[{"embeddable":true,"href":"https:\/\/www.cronicasdeitarantim.com.br\/v1\/wp-json\/wp\/v2\/users\/4"}],"replies":[{"embeddable":true,"href":"https:\/\/www.cronicasdeitarantim.com.br\/v1\/wp-json\/wp\/v2\/comments?post=173319"}],"version-history":[{"count":1,"href":"https:\/\/www.cronicasdeitarantim.com.br\/v1\/wp-json\/wp\/v2\/posts\/173319\/revisions"}],"predecessor-version":[{"id":173321,"href":"https:\/\/www.cronicasdeitarantim.com.br\/v1\/wp-json\/wp\/v2\/posts\/173319\/revisions\/173321"}],"wp:featuredmedia":[{"embeddable":true,"href":"https:\/\/www.cronicasdeitarantim.com.br\/v1\/wp-json\/wp\/v2\/media\/173320"}],"wp:attachment":[{"href":"https:\/\/www.cronicasdeitarantim.com.br\/v1\/wp-json\/wp\/v2\/media?parent=173319"}],"wp:term":[{"taxonomy":"category","embeddable":true,"href":"https:\/\/www.cronicasdeitarantim.com.br\/v1\/wp-json\/wp\/v2\/categories?post=173319"},{"taxonomy":"post_tag","embeddable":true,"href":"https:\/\/www.cronicasdeitarantim.com.br\/v1\/wp-json\/wp\/v2\/tags?post=173319"}],"curies":[{"name":"wp","href":"https:\/\/api.w.org\/{rel}","templated":true}]}}