{"id":173304,"date":"2025-06-03T14:06:35","date_gmt":"2025-06-03T17:06:35","guid":{"rendered":"https:\/\/www.cronicasdeitarantim.com.br\/v1\/?p=173304"},"modified":"2025-06-03T14:06:35","modified_gmt":"2025-06-03T17:06:35","slug":"ex-secretario-e-advogado-de-maiquinique-continua-acusando-prefeita-de-corrupcao-na-prefeitura","status":"publish","type":"post","link":"https:\/\/www.cronicasdeitarantim.com.br\/v1\/2025\/06\/03\/ex-secretario-e-advogado-de-maiquinique-continua-acusando-prefeita-de-corrupcao-na-prefeitura\/","title":{"rendered":"Ex-secret\u00e1rio e advogado de Maiquinique continua acusando prefeita de corrup\u00e7\u00e3o na Prefeitura"},"content":{"rendered":"<p>Em um cen\u00e1rio pol\u00edtico conturbado na cidade de Maiquinique, localizada no m\u00e9dio sudoeste da Bahia, o ex-secret\u00e1rio de administra\u00e7\u00e3o Rafael Maiquinique tem se destacado como um cr\u00edtico ferrenho da prefeita Val\u00e9ria Silveira. Desde que deixou o cargo nos primeiros meses do governo, Rafael tem utilizado suas redes sociais para expor o que considera serem falhas graves na gest\u00e3o da prefeita, incluindo acusa\u00e7\u00f5es de corrup\u00e7\u00e3o e falta de transpar\u00eancia.<\/p>\n<p>Em suas publica\u00e7\u00f5es, Rafael aponta que a administra\u00e7\u00e3o atual tem se mostrado opaca em rela\u00e7\u00e3o \u00e0 divulga\u00e7\u00e3o de informa\u00e7\u00f5es no portal da prefeitura. Ele destaca que a Justi\u00e7a Federal j\u00e1 imp\u00f4s mais de R$190 mil em multas \u00e0 gest\u00e3o por descumprimento da Lei de Acesso \u00e0 Informa\u00e7\u00e3o, evidenciando um descaso com a transpar\u00eancia que deveria ser garantida aos cidad\u00e3os.<\/p>\n<p>\u201cNo governo da corrup\u00e7\u00e3o, a verdade \u00e9 silenciada. \u00c9 uma gest\u00e3o que prefere pagar multas do que prestar contas sobre os gastos p\u00fablicos\u201d, afirma Rafael em uma de suas postagens mais recentes. Ele critica ainda os altos valores gastos em di\u00e1rias de viagens da prefeita, de seu marido \u2014 que tamb\u00e9m ocupa um cargo na prefeitura \u2014 e outros agentes p\u00fablicos, questionando a efic\u00e1cia dessas despesas para o munic\u00edpio.<\/p>\n<p>A insatisfa\u00e7\u00e3o com a administra\u00e7\u00e3o n\u00e3o se limita apenas a Rafael. Moradores locais t\u00eam expressado preocupa\u00e7\u00e3o com as alega\u00e7\u00f5es feitas pelo ex-secret\u00e1rio e muitos acreditam que as informa\u00e7\u00f5es coletadas por ele podem ser levadas ao Minist\u00e9rio P\u00fablico, o que poderia resultar em consequ\u00eancias s\u00e9rias para a prefeita, incluindo a possibilidade de cassa\u00e7\u00e3o do mandato.<\/p>\n<p>Nossa reda\u00e7\u00e3o tentou entrar em contato com Rafael para uma entrevista, mas ele afirmou que est\u00e1 planejando um momento oportuno para discutir publicamente suas acusa\u00e7\u00f5es e os dados que possui sobre a gest\u00e3o municipal. Advogado por forma\u00e7\u00e3o, Rafael tem consci\u00eancia do peso das informa\u00e7\u00f5es que det\u00e9m e como elas podem impactar o futuro pol\u00edtico da prefeita Val\u00e9ria Silveira.<\/p>\n<p>Enquanto isso, a popula\u00e7\u00e3o de Maiquinique continua a clamar por respeito e clareza nas a\u00e7\u00f5es do governo. O embate entre Rafael Maiquinique e a prefeita Val\u00e9ria Silveira promete ser um cap\u00edtulo importante na pol\u00edtica local, levantando quest\u00f5es cruciais sobre responsabilidade e transpar\u00eancia na administra\u00e7\u00e3o p\u00fablica.<\/p>\n<p>O desenrolar dessa situa\u00e7\u00e3o ser\u00e1 acompanhado de perto pela popula\u00e7\u00e3o e pela imprensa local. A quest\u00e3o da transpar\u00eancia no uso do dinheiro p\u00fablico \u00e9 uma demanda leg\u00edtima dos cidad\u00e3os e deve ser tratada com a seriedade que merece. Resta saber como a prefeita responder\u00e1 \u00e0s acusa\u00e7\u00f5es e quais medidas ser\u00e3o tomadas para restaurar a confian\u00e7a na gest\u00e3o municipal.<\/p>\n","protected":false},"excerpt":{"rendered":"<p>Em um cen\u00e1rio pol\u00edtico conturbado na cidade de Maiquinique, localizada no m\u00e9dio sudoeste da Bahia, o ex-secret\u00e1rio de administra\u00e7\u00e3o Rafael Maiquinique tem se destacado como um cr\u00edtico ferrenho da prefeita Val\u00e9ria Silveira. Desde que deixou o cargo nos primeiros meses do governo, Rafael tem utilizado suas redes sociais para expor o que considera serem falhas graves na gest\u00e3o da prefeita, incluindo acusa\u00e7\u00f5es de corrup\u00e7\u00e3o e falta de transpar\u00eancia. Em suas publica\u00e7\u00f5es, Rafael aponta que a administra\u00e7\u00e3o atual tem se mostrado opaca em rela\u00e7\u00e3o \u00e0 divulga\u00e7\u00e3o de informa\u00e7\u00f5es no portal da prefeitura. Ele destaca que a Justi\u00e7a Federal j\u00e1 imp\u00f4s mais [&hellip;]<\/p>\n","protected":false},"author":4,"featured_media":161431,"comment_status":"open","ping_status":"open","sticky":false,"template":"","format":"standard","meta":[],"categories":[304],"tags":[3310,1780,3459,1522,392,389,2546],"_links":{"self":[{"href":"https:\/\/www.cronicasdeitarantim.com.br\/v1\/wp-json\/wp\/v2\/posts\/173304"}],"collection":[{"href":"https:\/\/www.cronicasdeitarantim.com.br\/v1\/wp-json\/wp\/v2\/posts"}],"about":[{"href":"https:\/\/www.cronicasdeitarantim.com.br\/v1\/wp-json\/wp\/v2\/types\/post"}],"author":[{"embeddable":true,"href":"https:\/\/www.cronicasdeitarantim.com.br\/v1\/wp-json\/wp\/v2\/users\/4"}],"replies":[{"embeddable":true,"href":"https:\/\/www.cronicasdeitarantim.com.br\/v1\/wp-json\/wp\/v2\/comments?post=173304"}],"version-history":[{"count":1,"href":"https:\/\/www.cronicasdeitarantim.com.br\/v1\/wp-json\/wp\/v2\/posts\/173304\/revisions"}],"predecessor-version":[{"id":173305,"href":"https:\/\/www.cronicasdeitarantim.com.br\/v1\/wp-json\/wp\/v2\/posts\/173304\/revisions\/173305"}],"wp:featuredmedia":[{"embeddable":true,"href":"https:\/\/www.cronicasdeitarantim.com.br\/v1\/wp-json\/wp\/v2\/media\/161431"}],"wp:attachment":[{"href":"https:\/\/www.cronicasdeitarantim.com.br\/v1\/wp-json\/wp\/v2\/media?parent=173304"}],"wp:term":[{"taxonomy":"category","embeddable":true,"href":"https:\/\/www.cronicasdeitarantim.com.br\/v1\/wp-json\/wp\/v2\/categories?post=173304"},{"taxonomy":"post_tag","embeddable":true,"href":"https:\/\/www.cronicasdeitarantim.com.br\/v1\/wp-json\/wp\/v2\/tags?post=173304"}],"curies":[{"name":"wp","href":"https:\/\/api.w.org\/{rel}","templated":true}]}}