{"id":172224,"date":"2025-05-12T20:47:25","date_gmt":"2025-05-12T23:47:25","guid":{"rendered":"https:\/\/www.cronicasdeitarantim.com.br\/v1\/?p=172224"},"modified":"2025-05-12T20:47:25","modified_gmt":"2025-05-12T23:47:25","slug":"bahia-e-o-estado-mais-violento-do-brasil-revela-atlas-da-violencia-2025","status":"publish","type":"post","link":"https:\/\/www.cronicasdeitarantim.com.br\/v1\/2025\/05\/12\/bahia-e-o-estado-mais-violento-do-brasil-revela-atlas-da-violencia-2025\/","title":{"rendered":"Bahia \u00e9 o estado mais violento do Brasil, revela Atlas da Viol\u00eancia 2025"},"content":{"rendered":"<div class=\"conteudo_post\">\n<p>A Bahia registrou o maior n\u00famero absoluto de homic\u00eddios no Brasil em 2023, segundo o Atlas da Viol\u00eancia 2025, elaborado pelo F\u00f3rum Brasileiro de Seguran\u00e7a P\u00fablica e pelo Ipea. Com 6.616 mortes violentas, o estado superou o Rio de Janeiro em 55,1% e manteve a lideran\u00e7a nacional em assassinatos.<\/p>\n<p>O relat\u00f3rio aponta um cen\u00e1rio cr\u00edtico, especialmente entre jovens negros do sexo masculino. A taxa de homic\u00eddios entre jovens de 15 a 29 anos chegou a 113,7 por 100 mil habitantes \u2014 mais de 11 vezes maior que a de S\u00e3o Paulo (10,2). Entre os homens dessa faixa et\u00e1ria, a taxa foi ainda mais alarmante: 220,6 por 100 mil.<\/p>\n<p>O uso de armas de fogo tamb\u00e9m \u00e9 predominante nos crimes. A Bahia figura entre os tr\u00eas estados com maiores taxas de homic\u00eddios cometidos com arma de fogo, com 36,6 por 100 mil habitantes. Em 2023, o estado contabilizou 945 assassinatos de adolescentes de 15 a 19 anos, uma leve redu\u00e7\u00e3o de 4,8% em rela\u00e7\u00e3o ao ano anterior.<\/p>\n<p>A viol\u00eancia contra mulheres tamb\u00e9m \u00e9 destaque negativo. A Bahia est\u00e1 entre os quatro estados com maiores taxas de feminic\u00eddios no pa\u00eds. Por outro lado, houve queda de 45,9% nos casos classificados como \u201chomic\u00eddios ocultos\u201d \u2014 mortes violentas de causa indeterminada \u2014, caindo de 255 para 138 registros entre 2022 e 2023.<\/p>\n<\/div>\n<div id=\"div-share\"><\/div>\n","protected":false},"excerpt":{"rendered":"<p>A Bahia registrou o maior n\u00famero absoluto de homic\u00eddios no Brasil em 2023, segundo o Atlas da Viol\u00eancia 2025, elaborado pelo F\u00f3rum Brasileiro de Seguran\u00e7a P\u00fablica e pelo Ipea. Com 6.616 mortes violentas, o estado superou o Rio de Janeiro em 55,1% e manteve a lideran\u00e7a nacional em assassinatos. O relat\u00f3rio aponta um cen\u00e1rio cr\u00edtico, especialmente entre jovens negros do sexo masculino. A taxa de homic\u00eddios entre jovens de 15 a 29 anos chegou a 113,7 por 100 mil habitantes \u2014 mais de 11 vezes maior que a de S\u00e3o Paulo (10,2). Entre os homens dessa faixa et\u00e1ria, a taxa [&hellip;]<\/p>\n","protected":false},"author":4,"featured_media":172225,"comment_status":"open","ping_status":"open","sticky":false,"template":"","format":"standard","meta":[],"categories":[295],"tags":[3430,76,3310,1780,3429,444],"_links":{"self":[{"href":"https:\/\/www.cronicasdeitarantim.com.br\/v1\/wp-json\/wp\/v2\/posts\/172224"}],"collection":[{"href":"https:\/\/www.cronicasdeitarantim.com.br\/v1\/wp-json\/wp\/v2\/posts"}],"about":[{"href":"https:\/\/www.cronicasdeitarantim.com.br\/v1\/wp-json\/wp\/v2\/types\/post"}],"author":[{"embeddable":true,"href":"https:\/\/www.cronicasdeitarantim.com.br\/v1\/wp-json\/wp\/v2\/users\/4"}],"replies":[{"embeddable":true,"href":"https:\/\/www.cronicasdeitarantim.com.br\/v1\/wp-json\/wp\/v2\/comments?post=172224"}],"version-history":[{"count":1,"href":"https:\/\/www.cronicasdeitarantim.com.br\/v1\/wp-json\/wp\/v2\/posts\/172224\/revisions"}],"predecessor-version":[{"id":172226,"href":"https:\/\/www.cronicasdeitarantim.com.br\/v1\/wp-json\/wp\/v2\/posts\/172224\/revisions\/172226"}],"wp:featuredmedia":[{"embeddable":true,"href":"https:\/\/www.cronicasdeitarantim.com.br\/v1\/wp-json\/wp\/v2\/media\/172225"}],"wp:attachment":[{"href":"https:\/\/www.cronicasdeitarantim.com.br\/v1\/wp-json\/wp\/v2\/media?parent=172224"}],"wp:term":[{"taxonomy":"category","embeddable":true,"href":"https:\/\/www.cronicasdeitarantim.com.br\/v1\/wp-json\/wp\/v2\/categories?post=172224"},{"taxonomy":"post_tag","embeddable":true,"href":"https:\/\/www.cronicasdeitarantim.com.br\/v1\/wp-json\/wp\/v2\/tags?post=172224"}],"curies":[{"name":"wp","href":"https:\/\/api.w.org\/{rel}","templated":true}]}}