{"id":172182,"date":"2025-05-09T14:18:13","date_gmt":"2025-05-09T17:18:13","guid":{"rendered":"https:\/\/www.cronicasdeitarantim.com.br\/v1\/?p=172182"},"modified":"2025-05-09T14:18:13","modified_gmt":"2025-05-09T17:18:13","slug":"vereador-jeferson-mototaxi-destaca-novo-projeto-do-grupo-itarantim-pode-mais-o-sopao-solidario","status":"publish","type":"post","link":"https:\/\/www.cronicasdeitarantim.com.br\/v1\/2025\/05\/09\/vereador-jeferson-mototaxi-destaca-novo-projeto-do-grupo-itarantim-pode-mais-o-sopao-solidario\/","title":{"rendered":"Vereador Jeferson Mototaxi destaca novo projeto do Grupo Itarantim Pode Mais, o Sop\u00e3o Solid\u00e1rio"},"content":{"rendered":"<p><strong>Projeto Itarantim Pode Mais &#8211; Sop\u00e3o Solid\u00e1rio &#8211;<\/strong> Durante a \u00faltima sess\u00e3o da C\u00e2mara Municipal, realizada na ter\u00e7a-feira, 06 de maio, o vereador Jeferson Motot\u00e1xi usou a tribuna para destacar o novo projeto do Grupo Itarantim Pode Mais, o Sop\u00e3o Solid\u00e1rio. Em seu discurso, Jeferson anunciou que essa iniciativa ser\u00e1 mais uma a\u00e7\u00e3o solid\u00e1ria destinada a atender comunidades de diversos bairros de Itarantim.<\/p>\n<p>O Sop\u00e3o Solid\u00e1rio, liderado pelo empres\u00e1rio Joelan Sobrinho, conta com o apoio de uma rede de parceiros comprometidos com a causa, incluindo os prefeitos Elias Carvalho, da cidade de Potiragu\u00e1, e Max Bonfim, da cidade de Jord\u00e2nia.<\/p>\n<p>\u201cEstamos juntos nessa luta para proporcionar alimento e dignidade \u00e0s fam\u00edlias que mais precisam. O Sop\u00e3o Solid\u00e1rio come\u00e7ar\u00e1 pelo bairro Bob Kennedy e se expandir\u00e1 para outras \u00e1reas da cidade\u201d, afirmou o vereador Jeferson, ressaltando a import\u00e2ncia da solidariedade em tempos dif\u00edceis.<\/p>\n<p>O projeto visa n\u00e3o apenas oferecer refei\u00e7\u00f5es quentes, mas tamb\u00e9m fortalecer os la\u00e7os comunit\u00e1rios e promover um sentimento de uni\u00e3o entre os moradores. A a\u00e7\u00e3o \u00e9 um reflexo do compromisso do grupo Itarantim Pode Mais em fazer a diferen\u00e7a na vida\u00a0das\u00a0pessoas.<\/p>\n<p><iframe loading=\"lazy\" title=\"Vereador Jeferson Motot\u00e1xi destaca novo projeto do Grupo Itarantim Pode Mais o Sop\u00e3o Solid\u00e1ria\" width=\"1200\" height=\"675\" src=\"https:\/\/www.youtube.com\/embed\/pGXZ-q5uCf0?feature=oembed\" frameborder=\"0\" allow=\"accelerometer; autoplay; clipboard-write; encrypted-media; gyroscope; picture-in-picture; web-share\" referrerpolicy=\"strict-origin-when-cross-origin\" allowfullscreen><\/iframe><\/p>\n","protected":false},"excerpt":{"rendered":"<p>Projeto Itarantim Pode Mais &#8211; Sop\u00e3o Solid\u00e1rio &#8211; Durante a \u00faltima sess\u00e3o da C\u00e2mara Municipal, realizada na ter\u00e7a-feira, 06 de maio, o vereador Jeferson Motot\u00e1xi usou a tribuna para destacar o novo projeto do Grupo Itarantim Pode Mais, o Sop\u00e3o Solid\u00e1rio. Em seu discurso, Jeferson anunciou que essa iniciativa ser\u00e1 mais uma a\u00e7\u00e3o solid\u00e1ria destinada a atender comunidades de diversos bairros de Itarantim. O Sop\u00e3o Solid\u00e1rio, liderado pelo empres\u00e1rio Joelan Sobrinho, conta com o apoio de uma rede de parceiros comprometidos com a causa, incluindo os prefeitos Elias Carvalho, da cidade de Potiragu\u00e1, e Max Bonfim, da cidade de Jord\u00e2nia. [&hellip;]<\/p>\n","protected":false},"author":4,"featured_media":172183,"comment_status":"open","ping_status":"open","sticky":false,"template":"","format":"standard","meta":[],"categories":[14],"tags":[3310,356,1780,3392,965,3428,593],"_links":{"self":[{"href":"https:\/\/www.cronicasdeitarantim.com.br\/v1\/wp-json\/wp\/v2\/posts\/172182"}],"collection":[{"href":"https:\/\/www.cronicasdeitarantim.com.br\/v1\/wp-json\/wp\/v2\/posts"}],"about":[{"href":"https:\/\/www.cronicasdeitarantim.com.br\/v1\/wp-json\/wp\/v2\/types\/post"}],"author":[{"embeddable":true,"href":"https:\/\/www.cronicasdeitarantim.com.br\/v1\/wp-json\/wp\/v2\/users\/4"}],"replies":[{"embeddable":true,"href":"https:\/\/www.cronicasdeitarantim.com.br\/v1\/wp-json\/wp\/v2\/comments?post=172182"}],"version-history":[{"count":1,"href":"https:\/\/www.cronicasdeitarantim.com.br\/v1\/wp-json\/wp\/v2\/posts\/172182\/revisions"}],"predecessor-version":[{"id":172184,"href":"https:\/\/www.cronicasdeitarantim.com.br\/v1\/wp-json\/wp\/v2\/posts\/172182\/revisions\/172184"}],"wp:featuredmedia":[{"embeddable":true,"href":"https:\/\/www.cronicasdeitarantim.com.br\/v1\/wp-json\/wp\/v2\/media\/172183"}],"wp:attachment":[{"href":"https:\/\/www.cronicasdeitarantim.com.br\/v1\/wp-json\/wp\/v2\/media?parent=172182"}],"wp:term":[{"taxonomy":"category","embeddable":true,"href":"https:\/\/www.cronicasdeitarantim.com.br\/v1\/wp-json\/wp\/v2\/categories?post=172182"},{"taxonomy":"post_tag","embeddable":true,"href":"https:\/\/www.cronicasdeitarantim.com.br\/v1\/wp-json\/wp\/v2\/tags?post=172182"}],"curies":[{"name":"wp","href":"https:\/\/api.w.org\/{rel}","templated":true}]}}