{"id":172161,"date":"2025-05-08T13:23:43","date_gmt":"2025-05-08T16:23:43","guid":{"rendered":"https:\/\/www.cronicasdeitarantim.com.br\/v1\/?p=172161"},"modified":"2025-05-08T13:23:43","modified_gmt":"2025-05-08T16:23:43","slug":"fumaca-branca-anuncia-novo-papa","status":"publish","type":"post","link":"https:\/\/www.cronicasdeitarantim.com.br\/v1\/2025\/05\/08\/fumaca-branca-anuncia-novo-papa\/","title":{"rendered":"Fuma\u00e7a Branca Anuncia Novo Papa"},"content":{"rendered":"<p>A Igreja Cat\u00f3lica acaba de receber um novo l\u00edder! Nesta quinta-feira, 8 de maio, a fuma\u00e7a branca apareceu na chamin\u00e9 da Capela Sistina, indicando que o novo Papa foi escolhido. A expectativa agora \u00e9 pela apresenta\u00e7\u00e3o do nome do cardeal eleito, que assumir\u00e1 a responsabilidade de comandar a Igreja pelos pr\u00f3ximos anos.<\/p>\n<p>Os fi\u00e9is em todo o mundo est\u00e3o ansiosos para saber quem ser\u00e1 o novo Papa e quais diretrizes ele trar\u00e1 para a lideran\u00e7a da Igreja. O an\u00fancio oficial deve ocorrer em breve, e todos aguardam com esperan\u00e7a e curiosidade as palavras do protodi\u00e1cono ao revelar o nome do escolhido.<\/p>\n<p>&nbsp;<\/p>\n","protected":false},"excerpt":{"rendered":"<p>A Igreja Cat\u00f3lica acaba de receber um novo l\u00edder! Nesta quinta-feira, 8 de maio, a fuma\u00e7a branca apareceu na chamin\u00e9 da Capela Sistina, indicando que o novo Papa foi escolhido. A expectativa agora \u00e9 pela apresenta\u00e7\u00e3o do nome do cardeal eleito, que assumir\u00e1 a responsabilidade de comandar a Igreja pelos pr\u00f3ximos anos. Os fi\u00e9is em todo o mundo est\u00e3o ansiosos para saber quem ser\u00e1 o novo Papa e quais diretrizes ele trar\u00e1 para a lideran\u00e7a da Igreja. O an\u00fancio oficial deve ocorrer em breve, e todos aguardam com esperan\u00e7a e curiosidade as palavras do protodi\u00e1cono ao revelar o nome do [&hellip;]<\/p>\n","protected":false},"author":4,"featured_media":172163,"comment_status":"open","ping_status":"open","sticky":false,"template":"","format":"standard","meta":[],"categories":[310],"tags":[3310,1780,690],"_links":{"self":[{"href":"https:\/\/www.cronicasdeitarantim.com.br\/v1\/wp-json\/wp\/v2\/posts\/172161"}],"collection":[{"href":"https:\/\/www.cronicasdeitarantim.com.br\/v1\/wp-json\/wp\/v2\/posts"}],"about":[{"href":"https:\/\/www.cronicasdeitarantim.com.br\/v1\/wp-json\/wp\/v2\/types\/post"}],"author":[{"embeddable":true,"href":"https:\/\/www.cronicasdeitarantim.com.br\/v1\/wp-json\/wp\/v2\/users\/4"}],"replies":[{"embeddable":true,"href":"https:\/\/www.cronicasdeitarantim.com.br\/v1\/wp-json\/wp\/v2\/comments?post=172161"}],"version-history":[{"count":1,"href":"https:\/\/www.cronicasdeitarantim.com.br\/v1\/wp-json\/wp\/v2\/posts\/172161\/revisions"}],"predecessor-version":[{"id":172162,"href":"https:\/\/www.cronicasdeitarantim.com.br\/v1\/wp-json\/wp\/v2\/posts\/172161\/revisions\/172162"}],"wp:featuredmedia":[{"embeddable":true,"href":"https:\/\/www.cronicasdeitarantim.com.br\/v1\/wp-json\/wp\/v2\/media\/172163"}],"wp:attachment":[{"href":"https:\/\/www.cronicasdeitarantim.com.br\/v1\/wp-json\/wp\/v2\/media?parent=172161"}],"wp:term":[{"taxonomy":"category","embeddable":true,"href":"https:\/\/www.cronicasdeitarantim.com.br\/v1\/wp-json\/wp\/v2\/categories?post=172161"},{"taxonomy":"post_tag","embeddable":true,"href":"https:\/\/www.cronicasdeitarantim.com.br\/v1\/wp-json\/wp\/v2\/tags?post=172161"}],"curies":[{"name":"wp","href":"https:\/\/api.w.org\/{rel}","templated":true}]}}