{"id":172109,"date":"2025-05-06T15:11:32","date_gmt":"2025-05-06T18:11:32","guid":{"rendered":"https:\/\/www.cronicasdeitarantim.com.br\/v1\/?p=172109"},"modified":"2025-05-06T15:11:32","modified_gmt":"2025-05-06T18:11:32","slug":"brumado-institui-o-dia-municipal-das-religioes-de-matrizes-africanas-tradicoes-e-nacoes-do-candomble","status":"publish","type":"post","link":"https:\/\/www.cronicasdeitarantim.com.br\/v1\/2025\/05\/06\/brumado-institui-o-dia-municipal-das-religioes-de-matrizes-africanas-tradicoes-e-nacoes-do-candomble\/","title":{"rendered":"Brumado institui o Dia Municipal das Religi\u00f5es de Matrizes Africanas Tradi\u00e7\u00f5es e Na\u00e7\u00f5es do Candombl\u00e9"},"content":{"rendered":"<p>O munic\u00edpio de Brumado, localizado na regi\u00e3o Sudoeste da Bahia, deu um passo significativo ao instituir o Dia Municipal das Religi\u00f5es de Matriz Africana. Essa decis\u00e3o da Prefeitura marca um momento importante na hist\u00f3ria da cidade e na regi\u00e3o, celebrando a cultura e as tradi\u00e7\u00f5es dos povos de terreiro.<\/p>\n<p>De acordo com informa\u00e7\u00f5es do portal Achei Sudoeste, o dia 21 de junho foi escolhido como o Dia Municipal das Religi\u00f5es de Matriz Africana, homenageando as tradi\u00e7\u00f5es e na\u00e7\u00f5es do candombl\u00e9 no munic\u00edpio. A data agora integra o calend\u00e1rio oficial de eventos da cidade, que anualmente comemorar\u00e1 essa ocasi\u00e3o. Segundo l\u00edderes religiosos, essa iniciativa representa um avan\u00e7o para os povos de terreiro.<\/p>\n<p>Com a institui\u00e7\u00e3o dessa data, o poder p\u00fablico poder\u00e1 apoiar e incentivar a realiza\u00e7\u00e3o de eventos, palestras, semin\u00e1rios, apresenta\u00e7\u00f5es culturais e outras atividades que promovam a valoriza\u00e7\u00e3o e o respeito \u00e0s religi\u00f5es de matriz africana. Um dos l\u00edderes religiosos presentes na cerim\u00f4nia de cria\u00e7\u00e3o da lei destacou a import\u00e2ncia desse momento para realizar a\u00e7\u00f5es educativas e informativas que conscientizem a popula\u00e7\u00e3o sobre a necessidade de respeitar a diversidade religiosa e garantir a liberdade de culto.<\/p>\n<p>Essa iniciativa \u00e9 um passo importante para fortalecer o reconhecimento e a valoriza\u00e7\u00e3o das tradi\u00e7\u00f5es afro-brasileiras em Brumado e regi\u00e3o, promovendo um ambiente mais inclusivo e respeitoso para todos.<\/p>\n","protected":false},"excerpt":{"rendered":"<p>O munic\u00edpio de Brumado, localizado na regi\u00e3o Sudoeste da Bahia, deu um passo significativo ao instituir o Dia Municipal das Religi\u00f5es de Matriz Africana. Essa decis\u00e3o da Prefeitura marca um momento importante na hist\u00f3ria da cidade e na regi\u00e3o, celebrando a cultura e as tradi\u00e7\u00f5es dos povos de terreiro. De acordo com informa\u00e7\u00f5es do portal Achei Sudoeste, o dia 21 de junho foi escolhido como o Dia Municipal das Religi\u00f5es de Matriz Africana, homenageando as tradi\u00e7\u00f5es e na\u00e7\u00f5es do candombl\u00e9 no munic\u00edpio. A data agora integra o calend\u00e1rio oficial de eventos da cidade, que anualmente comemorar\u00e1 essa ocasi\u00e3o. Segundo l\u00edderes [&hellip;]<\/p>\n","protected":false},"author":4,"featured_media":172110,"comment_status":"open","ping_status":"open","sticky":false,"template":"","format":"standard","meta":[],"categories":[310],"tags":[2238,3310,961,1780,1493,2763],"_links":{"self":[{"href":"https:\/\/www.cronicasdeitarantim.com.br\/v1\/wp-json\/wp\/v2\/posts\/172109"}],"collection":[{"href":"https:\/\/www.cronicasdeitarantim.com.br\/v1\/wp-json\/wp\/v2\/posts"}],"about":[{"href":"https:\/\/www.cronicasdeitarantim.com.br\/v1\/wp-json\/wp\/v2\/types\/post"}],"author":[{"embeddable":true,"href":"https:\/\/www.cronicasdeitarantim.com.br\/v1\/wp-json\/wp\/v2\/users\/4"}],"replies":[{"embeddable":true,"href":"https:\/\/www.cronicasdeitarantim.com.br\/v1\/wp-json\/wp\/v2\/comments?post=172109"}],"version-history":[{"count":1,"href":"https:\/\/www.cronicasdeitarantim.com.br\/v1\/wp-json\/wp\/v2\/posts\/172109\/revisions"}],"predecessor-version":[{"id":172111,"href":"https:\/\/www.cronicasdeitarantim.com.br\/v1\/wp-json\/wp\/v2\/posts\/172109\/revisions\/172111"}],"wp:featuredmedia":[{"embeddable":true,"href":"https:\/\/www.cronicasdeitarantim.com.br\/v1\/wp-json\/wp\/v2\/media\/172110"}],"wp:attachment":[{"href":"https:\/\/www.cronicasdeitarantim.com.br\/v1\/wp-json\/wp\/v2\/media?parent=172109"}],"wp:term":[{"taxonomy":"category","embeddable":true,"href":"https:\/\/www.cronicasdeitarantim.com.br\/v1\/wp-json\/wp\/v2\/categories?post=172109"},{"taxonomy":"post_tag","embeddable":true,"href":"https:\/\/www.cronicasdeitarantim.com.br\/v1\/wp-json\/wp\/v2\/tags?post=172109"}],"curies":[{"name":"wp","href":"https:\/\/api.w.org\/{rel}","templated":true}]}}