{"id":171677,"date":"2025-04-26T19:05:30","date_gmt":"2025-04-26T22:05:30","guid":{"rendered":"https:\/\/www.cronicasdeitarantim.com.br\/v1\/?p=171677"},"modified":"2025-04-26T19:05:30","modified_gmt":"2025-04-26T22:05:30","slug":"funeral-do-papa-francisco-marca-inicio-do-novendiali-os-09-dias-de-luto","status":"publish","type":"post","link":"https:\/\/www.cronicasdeitarantim.com.br\/v1\/2025\/04\/26\/funeral-do-papa-francisco-marca-inicio-do-novendiali-os-09-dias-de-luto\/","title":{"rendered":"Funeral do papa Francisco marca in\u00edcio do Novendiali os 09 dias de luto"},"content":{"rendered":"<p><strong>Roma &#8211;<\/strong> O Papa Francisco foi sepultado na manh\u00e3 deste s\u00e1bado, 26 de abril, na Bas\u00edlica de Santa Maria Maggiore, em Roma, atendendo a um de seus \u00faltimos desejos. O enterro foi marcado por um clima de luto e rever\u00eancia, refletindo a profunda conex\u00e3o que o pont\u00edfice teve com os fi\u00e9is ao longo de seu papado. O caix\u00e3o, simples e modesto, tamb\u00e9m foi uma solicita\u00e7\u00e3o do l\u00edder da Igreja Cat\u00f3lica, simbolizando sua humildade e compromisso com os valores crist\u00e3os.<\/p>\n<p>Durante o programa &#8220;Em Pauta&#8221;, edi\u00e7\u00e3o deste s\u00e1bado, apresentado por Joabes Rodrigues e Carol Mello, o padre Heber Pedroso, da Diocese de Bom Jesus da Lapa, explicou como funcionar\u00e1 o processo ap\u00f3s o enterro do Papa. Ele destacou que hoje inicia-se o Novendiali, ou noven\u00e1rio, que consiste em nove dias de luto e ora\u00e7\u00e3o em honra ao Papa. \u201cEsse per\u00edodo \u00e9 uma oportunidade para refletirmos sobre seu legado e rezarmos por sua alma\u201d, afirmou o padre.<\/p>\n<p>A programa\u00e7\u00e3o dos nove dias come\u00e7ou com a missa de Ex\u00e9quias neste s\u00e1bado e se estender\u00e1 at\u00e9 o pr\u00f3ximo domingo, dia 4 de maio, \u00e0s 12h (hor\u00e1rio de Bras\u00edlia), quando ser\u00e1 celebrado o \u00faltimo dia do Novendiali. Durante esse per\u00edodo, diversos cardeais romanos presidir\u00e3o missas na Bas\u00edlica de S\u00e3o Pedro, preparando a Igreja para o conclave que eleger\u00e1 o novo pont\u00edfice.<\/p>\n<p>O enterro do Papa Francisco contou com a presen\u00e7a de l\u00edderes religiosos e pol\u00edticos de todo o mundo, que se uniram em um momento solene para prestar suas homenagens ao l\u00edder cat\u00f3lico. A cerim\u00f4nia reflete n\u00e3o apenas a import\u00e2ncia do Papa no contexto da Igreja, mas tamb\u00e9m seu impacto global como defensor da paz, justi\u00e7a social e di\u00e1logo inter-religioso.<\/p>\n<p>Enquanto o mundo se despede do Papa Francisco, a Igreja Cat\u00f3lica se prepara para uma nova fase, marcada pela esperan\u00e7a e pela continuidade dos ensinamentos que ele deixou como legado.<\/p>\n","protected":false},"excerpt":{"rendered":"<p>Roma &#8211; O Papa Francisco foi sepultado na manh\u00e3 deste s\u00e1bado, 26 de abril, na Bas\u00edlica de Santa Maria Maggiore, em Roma, atendendo a um de seus \u00faltimos desejos. O enterro foi marcado por um clima de luto e rever\u00eancia, refletindo a profunda conex\u00e3o que o pont\u00edfice teve com os fi\u00e9is ao longo de seu papado. O caix\u00e3o, simples e modesto, tamb\u00e9m foi uma solicita\u00e7\u00e3o do l\u00edder da Igreja Cat\u00f3lica, simbolizando sua humildade e compromisso com os valores crist\u00e3os. Durante o programa &#8220;Em Pauta&#8221;, edi\u00e7\u00e3o deste s\u00e1bado, apresentado por Joabes Rodrigues e Carol Mello, o padre Heber Pedroso, da Diocese [&hellip;]<\/p>\n","protected":false},"author":4,"featured_media":171682,"comment_status":"open","ping_status":"open","sticky":false,"template":"","format":"standard","meta":[],"categories":[310],"tags":[3310,2169,1780,3413,2055,690,2170],"_links":{"self":[{"href":"https:\/\/www.cronicasdeitarantim.com.br\/v1\/wp-json\/wp\/v2\/posts\/171677"}],"collection":[{"href":"https:\/\/www.cronicasdeitarantim.com.br\/v1\/wp-json\/wp\/v2\/posts"}],"about":[{"href":"https:\/\/www.cronicasdeitarantim.com.br\/v1\/wp-json\/wp\/v2\/types\/post"}],"author":[{"embeddable":true,"href":"https:\/\/www.cronicasdeitarantim.com.br\/v1\/wp-json\/wp\/v2\/users\/4"}],"replies":[{"embeddable":true,"href":"https:\/\/www.cronicasdeitarantim.com.br\/v1\/wp-json\/wp\/v2\/comments?post=171677"}],"version-history":[{"count":3,"href":"https:\/\/www.cronicasdeitarantim.com.br\/v1\/wp-json\/wp\/v2\/posts\/171677\/revisions"}],"predecessor-version":[{"id":171683,"href":"https:\/\/www.cronicasdeitarantim.com.br\/v1\/wp-json\/wp\/v2\/posts\/171677\/revisions\/171683"}],"wp:featuredmedia":[{"embeddable":true,"href":"https:\/\/www.cronicasdeitarantim.com.br\/v1\/wp-json\/wp\/v2\/media\/171682"}],"wp:attachment":[{"href":"https:\/\/www.cronicasdeitarantim.com.br\/v1\/wp-json\/wp\/v2\/media?parent=171677"}],"wp:term":[{"taxonomy":"category","embeddable":true,"href":"https:\/\/www.cronicasdeitarantim.com.br\/v1\/wp-json\/wp\/v2\/categories?post=171677"},{"taxonomy":"post_tag","embeddable":true,"href":"https:\/\/www.cronicasdeitarantim.com.br\/v1\/wp-json\/wp\/v2\/tags?post=171677"}],"curies":[{"name":"wp","href":"https:\/\/api.w.org\/{rel}","templated":true}]}}