{"id":171641,"date":"2025-04-24T16:57:36","date_gmt":"2025-04-24T19:57:36","guid":{"rendered":"https:\/\/www.cronicasdeitarantim.com.br\/v1\/?p=171641"},"modified":"2025-04-24T18:47:37","modified_gmt":"2025-04-24T21:47:37","slug":"saude-mais-medicos-407-profissionais-comecam-a-atuar-em-22-estados","status":"publish","type":"post","link":"https:\/\/www.cronicasdeitarantim.com.br\/v1\/2025\/04\/24\/saude-mais-medicos-407-profissionais-comecam-a-atuar-em-22-estados\/","title":{"rendered":"Sa\u00fade: Mais M\u00e9dicos: 407 profissionais come\u00e7am a atuar em 22 estados"},"content":{"rendered":"<div class=\"styles__Body-sc-1ffquwr-7 ePhtZb\">\n<p><strong>Mais m\u00e9dicos &#8211;<\/strong> A partir desta semana, 407 m\u00e9dicos formados no exterior e que conclu\u00edram o M\u00f3dulo de Acolhimento e Avalia\u00e7\u00e3o do Programa Mais M\u00e9dicos come\u00e7am a atuar no Sistema \u00danico de Sa\u00fade (SUS). De acordo com o Minist\u00e9rio da Sa\u00fade, a previs\u00e3o \u00e9 que o grupo atue em 180 munic\u00edpios e 15 Distritos Sanit\u00e1rios Especiais Ind\u00edgenas (DSEIs), distribu\u00eddos em 22 estados.<img decoding=\"async\" src=\"https:\/\/agenciabrasil.ebc.com.br\/ebc.png?id=1640045&amp;o=node\" \/><img decoding=\"async\" src=\"https:\/\/agenciabrasil.ebc.com.br\/ebc.gif?id=1640045&amp;o=node\" \/><\/p>\n<p>\u201cCom a chegada desses m\u00e9dicos, o Minist\u00e9rio da Sa\u00fade espera impactos positivos nas comunidades atendidas, como a amplia\u00e7\u00e3o do acesso aos servi\u00e7os de sa\u00fade na aten\u00e7\u00e3o prim\u00e1ria, a redu\u00e7\u00e3o do tempo de espera por atendimento com a utiliza\u00e7\u00e3o do prontu\u00e1rio eletr\u00f4nico do SUS (e-SUS APS), al\u00e9m de avan\u00e7os significativos na sa\u00fade ind\u00edgena\u201d, destacou a pasta em nota.<\/p>\n<p><a href=\"https:\/\/www.cronicasdeitarantim.com.br\/v1\/wp-content\/uploads\/2025\/04\/492436343_2179590585791511_4162671223980664340_n.jpg\"><img decoding=\"async\" loading=\"lazy\" class=\"alignnone size-full wp-image-171642\" src=\"https:\/\/www.cronicasdeitarantim.com.br\/v1\/wp-content\/uploads\/2025\/04\/492436343_2179590585791511_4162671223980664340_n.jpg\" alt=\"\" width=\"730\" height=\"343\" srcset=\"https:\/\/www.cronicasdeitarantim.com.br\/v1\/wp-content\/uploads\/2025\/04\/492436343_2179590585791511_4162671223980664340_n.jpg 730w, https:\/\/www.cronicasdeitarantim.com.br\/v1\/wp-content\/uploads\/2025\/04\/492436343_2179590585791511_4162671223980664340_n-300x141.jpg 300w, https:\/\/www.cronicasdeitarantim.com.br\/v1\/wp-content\/uploads\/2025\/04\/492436343_2179590585791511_4162671223980664340_n-400x188.jpg 400w\" sizes=\"(max-width: 730px) 100vw, 730px\" \/><\/a><\/p>\n<p>De acordo com o comunicado, antes de iniciarem as atividades, os profissionais de sa\u00fade passaram por um treinamento espec\u00edfico para atuar em situa\u00e7\u00f5es de urg\u00eancia e emerg\u00eancia e tamb\u00e9m no enfrentamento de doen\u00e7as prevalentes nas regi\u00f5es onde v\u00e3o atuar, incluindo a mal\u00e1ria.<\/p>\n<p>\u201cCom o objetivo de assegurar a efic\u00e1cia do programa e a qualidade do atendimento prestado \u00e0 popula\u00e7\u00e3o, a pasta acompanha de perto o desempenho dos profissionais. Um dos principais instrumentos de monitoramento \u00e9 o e-SUS APS, que permite registrar e acompanhar o hist\u00f3rico dos pacientes, facilitando a integra\u00e7\u00e3o entre a aten\u00e7\u00e3o prim\u00e1ria e os demais n\u00edveis de cuidado,\u201d informa ainda o minist\u00e9rio. (Com informa\u00e7\u00f5es do portal Metro1).<\/p>\n<\/div>\n","protected":false},"excerpt":{"rendered":"<p>Mais m\u00e9dicos &#8211; A partir desta semana, 407 m\u00e9dicos formados no exterior e que conclu\u00edram o M\u00f3dulo de Acolhimento e Avalia\u00e7\u00e3o do Programa Mais M\u00e9dicos come\u00e7am a atuar no Sistema \u00danico de Sa\u00fade (SUS). De acordo com o Minist\u00e9rio da Sa\u00fade, a previs\u00e3o \u00e9 que o grupo atue em 180 munic\u00edpios e 15 Distritos Sanit\u00e1rios Especiais Ind\u00edgenas (DSEIs), distribu\u00eddos em 22 estados. \u201cCom a chegada desses m\u00e9dicos, o Minist\u00e9rio da Sa\u00fade espera impactos positivos nas comunidades atendidas, como a amplia\u00e7\u00e3o do acesso aos servi\u00e7os de sa\u00fade na aten\u00e7\u00e3o prim\u00e1ria, a redu\u00e7\u00e3o do tempo de espera por atendimento com a utiliza\u00e7\u00e3o [&hellip;]<\/p>\n","protected":false},"author":4,"featured_media":171642,"comment_status":"open","ping_status":"open","sticky":false,"template":"","format":"standard","meta":[],"categories":[296],"tags":[3310,1780,2460,254],"_links":{"self":[{"href":"https:\/\/www.cronicasdeitarantim.com.br\/v1\/wp-json\/wp\/v2\/posts\/171641"}],"collection":[{"href":"https:\/\/www.cronicasdeitarantim.com.br\/v1\/wp-json\/wp\/v2\/posts"}],"about":[{"href":"https:\/\/www.cronicasdeitarantim.com.br\/v1\/wp-json\/wp\/v2\/types\/post"}],"author":[{"embeddable":true,"href":"https:\/\/www.cronicasdeitarantim.com.br\/v1\/wp-json\/wp\/v2\/users\/4"}],"replies":[{"embeddable":true,"href":"https:\/\/www.cronicasdeitarantim.com.br\/v1\/wp-json\/wp\/v2\/comments?post=171641"}],"version-history":[{"count":2,"href":"https:\/\/www.cronicasdeitarantim.com.br\/v1\/wp-json\/wp\/v2\/posts\/171641\/revisions"}],"predecessor-version":[{"id":171647,"href":"https:\/\/www.cronicasdeitarantim.com.br\/v1\/wp-json\/wp\/v2\/posts\/171641\/revisions\/171647"}],"wp:featuredmedia":[{"embeddable":true,"href":"https:\/\/www.cronicasdeitarantim.com.br\/v1\/wp-json\/wp\/v2\/media\/171642"}],"wp:attachment":[{"href":"https:\/\/www.cronicasdeitarantim.com.br\/v1\/wp-json\/wp\/v2\/media?parent=171641"}],"wp:term":[{"taxonomy":"category","embeddable":true,"href":"https:\/\/www.cronicasdeitarantim.com.br\/v1\/wp-json\/wp\/v2\/categories?post=171641"},{"taxonomy":"post_tag","embeddable":true,"href":"https:\/\/www.cronicasdeitarantim.com.br\/v1\/wp-json\/wp\/v2\/tags?post=171641"}],"curies":[{"name":"wp","href":"https:\/\/api.w.org\/{rel}","templated":true}]}}