{"id":171600,"date":"2025-04-22T13:54:09","date_gmt":"2025-04-22T16:54:09","guid":{"rendered":"https:\/\/www.cronicasdeitarantim.com.br\/v1\/?p=171600"},"modified":"2025-04-22T13:54:35","modified_gmt":"2025-04-22T16:54:35","slug":"profissionais-da-educacao-farao-paralisacao-nacional-nesta-quarta-feira-em-itarantim-havera-assembleia-na-camara-de-vereadores","status":"publish","type":"post","link":"https:\/\/www.cronicasdeitarantim.com.br\/v1\/2025\/04\/22\/profissionais-da-educacao-farao-paralisacao-nacional-nesta-quarta-feira-em-itarantim-havera-assembleia-na-camara-de-vereadores\/","title":{"rendered":"Profissionais da educa\u00e7\u00e3o far\u00e3o paralisa\u00e7\u00e3o nacional nesta quarta-feira; em Itarantim, haver\u00e1 assembleia na C\u00e2mara de Vereadores"},"content":{"rendered":"<p>O n\u00facleo da APLB Sindicato dos Profissionais em Educa\u00e7\u00e3o de Itarantim confirmou ades\u00e3o \u00e0 paralisa\u00e7\u00e3o nacional da educa\u00e7\u00e3o, que ocorrer\u00e1 no dia 23 de abril nesta quarta-feira. O movimento acontece em todo o pa\u00eds com o objetivo de reafirmar a luta pela valoriza\u00e7\u00e3o da educa\u00e7\u00e3o no Brasil e pela garantia de uma educa\u00e7\u00e3o p\u00fablica de qualidade.<\/p>\n<p>Em Itarantim, a mobiliza\u00e7\u00e3o ter\u00e1 como ponto central uma assembleia que ser\u00e1 realizada no audit\u00f3rio da C\u00e2mara de Vereadores, a partir das 9h da manh\u00e3. A atividade reunir\u00e1 educadores da rede municipal e estadual, al\u00e9m de representantes sindicais e da comunidade escolar.<\/p>\n<p>De acordo com a dire\u00e7\u00e3o local da APLB, a mobiliza\u00e7\u00e3o \u00e9 um chamado \u00e0 sociedade para discutir os desafios enfrentados por profissionais da educa\u00e7\u00e3o, como sal\u00e1rios defasados, condi\u00e7\u00f5es prec\u00e1rias de trabalho e cortes nos investimentos na educa\u00e7\u00e3o p\u00fablica.<\/p>\n<p>\u201cO Brasil s\u00f3 vai avan\u00e7ar com uma educa\u00e7\u00e3o de qualidade, e isso passa, necessariamente, pela valoriza\u00e7\u00e3o dos profissionais que est\u00e3o nas escolas todos os dias. Estamos mobilizados para fazer esse debate com a sociedade e cobrar a\u00e7\u00f5es concretas dos governos\u201d, destacou um representante do n\u00facleo da APLB Itarantim.<\/p>\n<p>A paralisa\u00e7\u00e3o est\u00e1 sendo articulada nacionalmente por diversas entidades sindicais e movimentos sociais ligados\u00a0\u00e0\u00a0educa\u00e7\u00e3o.<\/p>\n<p><a href=\"https:\/\/www.cronicasdeitarantim.com.br\/v1\/wp-content\/uploads\/2025\/04\/Imagem-do-WhatsApp-de-2025-04-21-as-22.04.11_91dfa487.jpg\"><img decoding=\"async\" loading=\"lazy\" class=\"alignnone size-full wp-image-171601\" src=\"https:\/\/www.cronicasdeitarantim.com.br\/v1\/wp-content\/uploads\/2025\/04\/Imagem-do-WhatsApp-de-2025-04-21-as-22.04.11_91dfa487.jpg\" alt=\"\" width=\"676\" height=\"800\" srcset=\"https:\/\/www.cronicasdeitarantim.com.br\/v1\/wp-content\/uploads\/2025\/04\/Imagem-do-WhatsApp-de-2025-04-21-as-22.04.11_91dfa487.jpg 676w, https:\/\/www.cronicasdeitarantim.com.br\/v1\/wp-content\/uploads\/2025\/04\/Imagem-do-WhatsApp-de-2025-04-21-as-22.04.11_91dfa487-254x300.jpg 254w, https:\/\/www.cronicasdeitarantim.com.br\/v1\/wp-content\/uploads\/2025\/04\/Imagem-do-WhatsApp-de-2025-04-21-as-22.04.11_91dfa487-400x473.jpg 400w, https:\/\/www.cronicasdeitarantim.com.br\/v1\/wp-content\/uploads\/2025\/04\/Imagem-do-WhatsApp-de-2025-04-21-as-22.04.11_91dfa487-507x600.jpg 507w\" sizes=\"(max-width: 676px) 100vw, 676px\" \/><\/a><\/p>\n","protected":false},"excerpt":{"rendered":"<p>O n\u00facleo da APLB Sindicato dos Profissionais em Educa\u00e7\u00e3o de Itarantim confirmou ades\u00e3o \u00e0 paralisa\u00e7\u00e3o nacional da educa\u00e7\u00e3o, que ocorrer\u00e1 no dia 23 de abril nesta quarta-feira. O movimento acontece em todo o pa\u00eds com o objetivo de reafirmar a luta pela valoriza\u00e7\u00e3o da educa\u00e7\u00e3o no Brasil e pela garantia de uma educa\u00e7\u00e3o p\u00fablica de qualidade. Em Itarantim, a mobiliza\u00e7\u00e3o ter\u00e1 como ponto central uma assembleia que ser\u00e1 realizada no audit\u00f3rio da C\u00e2mara de Vereadores, a partir das 9h da manh\u00e3. A atividade reunir\u00e1 educadores da rede municipal e estadual, al\u00e9m de representantes sindicais e da comunidade escolar. De acordo [&hellip;]<\/p>\n","protected":false},"author":4,"featured_media":171601,"comment_status":"open","ping_status":"open","sticky":false,"template":"","format":"standard","meta":[],"categories":[363],"tags":[1700,3310,1780,130,1529,1545],"_links":{"self":[{"href":"https:\/\/www.cronicasdeitarantim.com.br\/v1\/wp-json\/wp\/v2\/posts\/171600"}],"collection":[{"href":"https:\/\/www.cronicasdeitarantim.com.br\/v1\/wp-json\/wp\/v2\/posts"}],"about":[{"href":"https:\/\/www.cronicasdeitarantim.com.br\/v1\/wp-json\/wp\/v2\/types\/post"}],"author":[{"embeddable":true,"href":"https:\/\/www.cronicasdeitarantim.com.br\/v1\/wp-json\/wp\/v2\/users\/4"}],"replies":[{"embeddable":true,"href":"https:\/\/www.cronicasdeitarantim.com.br\/v1\/wp-json\/wp\/v2\/comments?post=171600"}],"version-history":[{"count":2,"href":"https:\/\/www.cronicasdeitarantim.com.br\/v1\/wp-json\/wp\/v2\/posts\/171600\/revisions"}],"predecessor-version":[{"id":171603,"href":"https:\/\/www.cronicasdeitarantim.com.br\/v1\/wp-json\/wp\/v2\/posts\/171600\/revisions\/171603"}],"wp:featuredmedia":[{"embeddable":true,"href":"https:\/\/www.cronicasdeitarantim.com.br\/v1\/wp-json\/wp\/v2\/media\/171601"}],"wp:attachment":[{"href":"https:\/\/www.cronicasdeitarantim.com.br\/v1\/wp-json\/wp\/v2\/media?parent=171600"}],"wp:term":[{"taxonomy":"category","embeddable":true,"href":"https:\/\/www.cronicasdeitarantim.com.br\/v1\/wp-json\/wp\/v2\/categories?post=171600"},{"taxonomy":"post_tag","embeddable":true,"href":"https:\/\/www.cronicasdeitarantim.com.br\/v1\/wp-json\/wp\/v2\/tags?post=171600"}],"curies":[{"name":"wp","href":"https:\/\/api.w.org\/{rel}","templated":true}]}}