{"id":171587,"date":"2025-04-21T12:39:30","date_gmt":"2025-04-21T15:39:30","guid":{"rendered":"https:\/\/www.cronicasdeitarantim.com.br\/v1\/?p=171587"},"modified":"2025-04-21T12:39:30","modified_gmt":"2025-04-21T15:39:30","slug":"papa-francisco-um-lider-que-uniu-fe-simplicidade-e-acolhimento-realizando-mudancas-fundamentais","status":"publish","type":"post","link":"https:\/\/www.cronicasdeitarantim.com.br\/v1\/2025\/04\/21\/papa-francisco-um-lider-que-uniu-fe-simplicidade-e-acolhimento-realizando-mudancas-fundamentais\/","title":{"rendered":"Papa Francisco: Um l\u00edder que uniu f\u00e9, simplicidade e acolhimento realizando mudan\u00e7as fundamentais"},"content":{"rendered":"<div class=\"styles__Body-sc-1ffquwr-7 ePhtZb\">\n<p>Jorge Mario Bergoglio, nascido em Buenos Aires em 17 de dezembro de 1936, faleceu nesta segunda-feira (21), aos 88 anos. Filho de imigrantes italianos, iniciou sua trajet\u00f3ria como t\u00e9cnico qu\u00edmico antes de ingressar na Companhia de Jesus em 1958. Ordenado sacerdote em 1969, destacou-se por sua dedica\u00e7\u00e3o \u00e0 educa\u00e7\u00e3o e \u00e0 forma\u00e7\u00e3o espiritual, ascendendo a arcebispo de Buenos Aires em 1998 e cardeal em 2001.<\/p>\n<p>Em 13 de mar\u00e7o de 2013, foi eleito o 266\u00ba Papa da Igreja Cat\u00f3lica, adotando o nome Francisco em homenagem a S\u00e3o Francisco de Assis. Foi o primeiro pont\u00edfice jesu\u00edta, latino-americano e do hemisf\u00e9rio sul. Seu papado foi marcado por uma abordagem pastoral centrada na humildade, justi\u00e7a social e di\u00e1logo inter-religioso.<\/p>\n<p>Francisco promoveu reformas significativas na C\u00faria Romana, enfrentou a crise de abusos sexuais no clero e defendeu a inclus\u00e3o de mulheres e a acolhida de pessoas LGBTQ+. Destacou-se tamb\u00e9m por sua preocupa\u00e7\u00e3o com o meio ambiente, expressa na enc\u00edclica &#8220;Laudato Si'&#8221;, e por sua cr\u00edtica \u00e0s desigualdades sociais.<\/p>\n<p>Mesmo enfrentando problemas de sa\u00fade nos \u00faltimos anos, manteve-se ativo at\u00e9 sua \u00faltima b\u00ean\u00e7\u00e3o &#8220;Urbi et Orbi&#8221;, no dia anterior ao seu falecimento. Seu legado \u00e9 de um l\u00edder que buscou aproximar a Igreja dos mais necessitados, promovendo uma f\u00e9 viva e comprometida com os desafios contempor\u00e2neos.<\/p>\n<p><strong>Nota da reda\u00e7\u00e3o do Cr\u00f4nicas de Itarantim<\/strong><\/p>\n<p><strong>O Legado do Papa Francisco: Uma Igreja em Transforma\u00e7\u00e3o<\/strong><\/p>\n<p><strong>A expectativa sobre o futuro da Igreja Cat\u00f3lica ap\u00f3s a partida do Papa Francisco<\/strong><\/p>\n<p>A morte do Papa Francisco deixou um vazio significativo na lideran\u00e7a da Igreja Cat\u00f3lica, mas tamb\u00e9m uma esperan\u00e7a renovada para muitos fi\u00e9is que acreditam na necessidade de mudan\u00e7as fundamentais dentro da institui\u00e7\u00e3o. Desde sua ascens\u00e3o ao trono papal em 2013, Francisco se destacou por desafiar normas tradicionais e abordar temas considerados tabus, promovendo uma vis\u00e3o mais inclusiva e acolhedora da Igreja.<\/p>\n<p>Durante seu papado, Francisco enfatizou a import\u00e2ncia do acolhimento \u00e0s pessoas marginalizadas e em situa\u00e7\u00e3o de vulnerabilidade. Sua prega\u00e7\u00e3o focou em construir uma Igreja que n\u00e3o apenas pregasse o amor e a compaix\u00e3o, mas que tamb\u00e9m atuasse ativamente para acolher aqueles que muitas vezes se sentiam exclu\u00eddos. Ele foi um defensor das causas sociais, abordando quest\u00f5es como a pobreza, a imigra\u00e7\u00e3o e os direitos das pessoas LGBTQIA+, o que trouxe uma nova luz sobre a miss\u00e3o da Igreja no mundo contempor\u00e2neo.<\/p>\n<p>Com o pr\u00f3ximo conclave marcado para maio, tudo indica, a expectativa \u00e9 alta sobre quem ser\u00e1 escolhido como o novo l\u00edder cat\u00f3lico. Muitos se questionam se o futuro Papa dar\u00e1 continuidade ao legado de Francisco ou se adotar\u00e1 uma abordagem mais conservadora, voltando-se para as tradi\u00e7\u00f5es que ele tanto desafiou. As interroga\u00e7\u00f5es sobre o futuro da Igreja s\u00e3o evidentes entre os fi\u00e9is e analistas religiosos, que observam atentamente as discuss\u00f5es dentro do Vaticano.<\/p>\n<p>&#8220;Estamos em um ponto crucial na hist\u00f3ria da Igreja&#8221;, afirma Maria Santos, te\u00f3loga e especialista em religi\u00e3o. &#8220;As mudan\u00e7as promovidas por Francisco foram significativas, mas agora precisamos ver se seu legado ser\u00e1 mantido ou se voltaremos a um modelo mais r\u00edgido e tradicional.&#8221;<\/p>\n<p>Enquanto isso, muitos cat\u00f3licos ao redor do mundo expressam sua esperan\u00e7a de que o novo Papa continue a promover uma mensagem de inclus\u00e3o e amor. Em diversas par\u00f3quias, grupos de discuss\u00e3o surgem para debater o futuro da Igreja e como os ensinamentos de Francisco podem ser aplicados nas comunidades locais.<\/p>\n<p>\u00c0 medida que o conclave se aproxima, as ora\u00e7\u00f5es e reflex\u00f5es sobre o futuro da Igreja Cat\u00f3lica j\u00e1 come\u00e7a ganhar for\u00e7a. A expectativa \u00e9 grande para saber como a nova lideran\u00e7a enfrentar\u00e1 os desafios contempor\u00e2neos e se ser\u00e1 capaz de manter viva a chama das mudan\u00e7as iniciadas pelo Papa Francisco.<\/p>\n<\/div>\n","protected":false},"excerpt":{"rendered":"<p>Jorge Mario Bergoglio, nascido em Buenos Aires em 17 de dezembro de 1936, faleceu nesta segunda-feira (21), aos 88 anos. Filho de imigrantes italianos, iniciou sua trajet\u00f3ria como t\u00e9cnico qu\u00edmico antes de ingressar na Companhia de Jesus em 1958. Ordenado sacerdote em 1969, destacou-se por sua dedica\u00e7\u00e3o \u00e0 educa\u00e7\u00e3o e \u00e0 forma\u00e7\u00e3o espiritual, ascendendo a arcebispo de Buenos Aires em 1998 e cardeal em 2001. Em 13 de mar\u00e7o de 2013, foi eleito o 266\u00ba Papa da Igreja Cat\u00f3lica, adotando o nome Francisco em homenagem a S\u00e3o Francisco de Assis. Foi o primeiro pont\u00edfice jesu\u00edta, latino-americano e do hemisf\u00e9rio sul. [&hellip;]<\/p>\n","protected":false},"author":4,"featured_media":171588,"comment_status":"open","ping_status":"open","sticky":false,"template":"","format":"standard","meta":[],"categories":[14],"tags":[3310,1780,2055,456,3408],"_links":{"self":[{"href":"https:\/\/www.cronicasdeitarantim.com.br\/v1\/wp-json\/wp\/v2\/posts\/171587"}],"collection":[{"href":"https:\/\/www.cronicasdeitarantim.com.br\/v1\/wp-json\/wp\/v2\/posts"}],"about":[{"href":"https:\/\/www.cronicasdeitarantim.com.br\/v1\/wp-json\/wp\/v2\/types\/post"}],"author":[{"embeddable":true,"href":"https:\/\/www.cronicasdeitarantim.com.br\/v1\/wp-json\/wp\/v2\/users\/4"}],"replies":[{"embeddable":true,"href":"https:\/\/www.cronicasdeitarantim.com.br\/v1\/wp-json\/wp\/v2\/comments?post=171587"}],"version-history":[{"count":1,"href":"https:\/\/www.cronicasdeitarantim.com.br\/v1\/wp-json\/wp\/v2\/posts\/171587\/revisions"}],"predecessor-version":[{"id":171589,"href":"https:\/\/www.cronicasdeitarantim.com.br\/v1\/wp-json\/wp\/v2\/posts\/171587\/revisions\/171589"}],"wp:featuredmedia":[{"embeddable":true,"href":"https:\/\/www.cronicasdeitarantim.com.br\/v1\/wp-json\/wp\/v2\/media\/171588"}],"wp:attachment":[{"href":"https:\/\/www.cronicasdeitarantim.com.br\/v1\/wp-json\/wp\/v2\/media?parent=171587"}],"wp:term":[{"taxonomy":"category","embeddable":true,"href":"https:\/\/www.cronicasdeitarantim.com.br\/v1\/wp-json\/wp\/v2\/categories?post=171587"},{"taxonomy":"post_tag","embeddable":true,"href":"https:\/\/www.cronicasdeitarantim.com.br\/v1\/wp-json\/wp\/v2\/tags?post=171587"}],"curies":[{"name":"wp","href":"https:\/\/api.w.org\/{rel}","templated":true}]}}