{"id":171581,"date":"2025-04-21T01:39:59","date_gmt":"2025-04-21T04:39:59","guid":{"rendered":"https:\/\/www.cronicasdeitarantim.com.br\/v1\/?p=171581"},"modified":"2025-04-21T01:39:59","modified_gmt":"2025-04-21T04:39:59","slug":"homem-e-assassinado-em-cidade-do-medio-sudoeste-com-varios-tiros","status":"publish","type":"post","link":"https:\/\/www.cronicasdeitarantim.com.br\/v1\/2025\/04\/21\/homem-e-assassinado-em-cidade-do-medio-sudoeste-com-varios-tiros\/","title":{"rendered":"Homem \u00e9 assassinado em cidade do m\u00e9dio sudoeste com v\u00e1rios tiros"},"content":{"rendered":"<h3>Um homem de 41 anos, identificado como Amarilton Santos, foi assassinado com v\u00e1rios tiros na noite deste \u00faltimo s\u00e1bado, 19 de abril, na cidade de Ibicu\u00ed, no m\u00e9dio sudoeste da Bahia.<\/h3>\n<h3>De acordo com informa\u00e7\u00f5es de populares e da pol\u00edcia, homens armados chegaram atirando na dire\u00e7\u00e3o de Amarilton, e os disparos puderam ser ouvidos a longa dist\u00e2ncia.<\/h3>\n<h3>O corpo da v\u00edtima foi levado para o Instituto M\u00e9dico Legal (IML) da cidade de Itapetinga ainda na madrugada deste domingo, 20 de abril. At\u00e9 o momento, ningu\u00e9m havia sido preso e a pol\u00edcia continua investigando\u00a0o\u00a0caso.<\/h3>\n","protected":false},"excerpt":{"rendered":"<p>Um homem de 41 anos, identificado como Amarilton Santos, foi assassinado com v\u00e1rios tiros na noite deste \u00faltimo s\u00e1bado, 19 de abril, na cidade de Ibicu\u00ed, no m\u00e9dio sudoeste da Bahia. De acordo com informa\u00e7\u00f5es de populares e da pol\u00edcia, homens armados chegaram atirando na dire\u00e7\u00e3o de Amarilton, e os disparos puderam ser ouvidos a longa dist\u00e2ncia. O corpo da v\u00edtima foi levado para o Instituto M\u00e9dico Legal (IML) da cidade de Itapetinga ainda na madrugada deste domingo, 20 de abril. At\u00e9 o momento, ningu\u00e9m havia sido preso e a pol\u00edcia continua investigando\u00a0o\u00a0caso.<\/p>\n","protected":false},"author":4,"featured_media":169630,"comment_status":"open","ping_status":"open","sticky":false,"template":"","format":"standard","meta":[],"categories":[306],"tags":[3310,1780,1322,434,444],"_links":{"self":[{"href":"https:\/\/www.cronicasdeitarantim.com.br\/v1\/wp-json\/wp\/v2\/posts\/171581"}],"collection":[{"href":"https:\/\/www.cronicasdeitarantim.com.br\/v1\/wp-json\/wp\/v2\/posts"}],"about":[{"href":"https:\/\/www.cronicasdeitarantim.com.br\/v1\/wp-json\/wp\/v2\/types\/post"}],"author":[{"embeddable":true,"href":"https:\/\/www.cronicasdeitarantim.com.br\/v1\/wp-json\/wp\/v2\/users\/4"}],"replies":[{"embeddable":true,"href":"https:\/\/www.cronicasdeitarantim.com.br\/v1\/wp-json\/wp\/v2\/comments?post=171581"}],"version-history":[{"count":1,"href":"https:\/\/www.cronicasdeitarantim.com.br\/v1\/wp-json\/wp\/v2\/posts\/171581\/revisions"}],"predecessor-version":[{"id":171582,"href":"https:\/\/www.cronicasdeitarantim.com.br\/v1\/wp-json\/wp\/v2\/posts\/171581\/revisions\/171582"}],"wp:featuredmedia":[{"embeddable":true,"href":"https:\/\/www.cronicasdeitarantim.com.br\/v1\/wp-json\/wp\/v2\/media\/169630"}],"wp:attachment":[{"href":"https:\/\/www.cronicasdeitarantim.com.br\/v1\/wp-json\/wp\/v2\/media?parent=171581"}],"wp:term":[{"taxonomy":"category","embeddable":true,"href":"https:\/\/www.cronicasdeitarantim.com.br\/v1\/wp-json\/wp\/v2\/categories?post=171581"},{"taxonomy":"post_tag","embeddable":true,"href":"https:\/\/www.cronicasdeitarantim.com.br\/v1\/wp-json\/wp\/v2\/tags?post=171581"}],"curies":[{"name":"wp","href":"https:\/\/api.w.org\/{rel}","templated":true}]}}