{"id":171568,"date":"2025-04-19T22:34:08","date_gmt":"2025-04-20T01:34:08","guid":{"rendered":"https:\/\/www.cronicasdeitarantim.com.br\/v1\/?p=171568"},"modified":"2025-04-19T22:36:56","modified_gmt":"2025-04-20T01:36:56","slug":"bell-marques-arrasta-multidao-no-miconquista-micareta-de-vitoria-da-conquista-neste-sabado","status":"publish","type":"post","link":"https:\/\/www.cronicasdeitarantim.com.br\/v1\/2025\/04\/19\/bell-marques-arrasta-multidao-no-miconquista-micareta-de-vitoria-da-conquista-neste-sabado\/","title":{"rendered":"Bell Marques arrasta multid\u00e3o no Miconquista Micareta de Vit\u00f3ria da Conquista neste s\u00e1bado"},"content":{"rendered":"<h4>O cantor Bell Marques arrastou uma multid\u00e3o neste s\u00e1bado, 19 de abril, durante o Miconquista, a micareta de Vit\u00f3ria da Conquista, com seu repert\u00f3rio irreverente que atraiu pessoas de toda a regi\u00e3o Sudoeste da Bahia.<\/h4>\n<h4>Essa festa j\u00e1 est\u00e1 em sua terceira edi\u00e7\u00e3o e conta com grandes atra\u00e7\u00f5es que se apresentar\u00e3o ao longo dos dias 19 e 20 de abril, prometendo animar ainda mais os foli\u00f5es.<\/h4>\n<h4>O evento tem se consolidado como uma das principais festas do calend\u00e1rio regional, reunindo amantes do ax\u00e9 e da m\u00fasica brasileira em um ambiente de muita alegria\u00a0e\u00a0descontra\u00e7\u00e3o.<\/h4>\n<p><a href=\"https:\/\/www.cronicasdeitarantim.com.br\/v1\/wp-content\/uploads\/2025\/04\/Imagem-do-WhatsApp-de-2025-04-19-as-22.18.53_5a659125.jpg\"><img decoding=\"async\" loading=\"lazy\" class=\"alignnone size-full wp-image-171571\" src=\"https:\/\/www.cronicasdeitarantim.com.br\/v1\/wp-content\/uploads\/2025\/04\/Imagem-do-WhatsApp-de-2025-04-19-as-22.18.53_5a659125.jpg\" alt=\"\" width=\"730\" height=\"743\" srcset=\"https:\/\/www.cronicasdeitarantim.com.br\/v1\/wp-content\/uploads\/2025\/04\/Imagem-do-WhatsApp-de-2025-04-19-as-22.18.53_5a659125.jpg 730w, https:\/\/www.cronicasdeitarantim.com.br\/v1\/wp-content\/uploads\/2025\/04\/Imagem-do-WhatsApp-de-2025-04-19-as-22.18.53_5a659125-295x300.jpg 295w, https:\/\/www.cronicasdeitarantim.com.br\/v1\/wp-content\/uploads\/2025\/04\/Imagem-do-WhatsApp-de-2025-04-19-as-22.18.53_5a659125-400x407.jpg 400w, https:\/\/www.cronicasdeitarantim.com.br\/v1\/wp-content\/uploads\/2025\/04\/Imagem-do-WhatsApp-de-2025-04-19-as-22.18.53_5a659125-590x600.jpg 590w\" sizes=\"(max-width: 730px) 100vw, 730px\" \/><\/a><\/p>\n","protected":false},"excerpt":{"rendered":"<p>O cantor Bell Marques arrastou uma multid\u00e3o neste s\u00e1bado, 19 de abril, durante o Miconquista, a micareta de Vit\u00f3ria da Conquista, com seu repert\u00f3rio irreverente que atraiu pessoas de toda a regi\u00e3o Sudoeste da Bahia. Essa festa j\u00e1 est\u00e1 em sua terceira edi\u00e7\u00e3o e conta com grandes atra\u00e7\u00f5es que se apresentar\u00e3o ao longo dos dias 19 e 20 de abril, prometendo animar ainda mais os foli\u00f5es. O evento tem se consolidado como uma das principais festas do calend\u00e1rio regional, reunindo amantes do ax\u00e9 e da m\u00fasica brasileira em um ambiente de muita alegria\u00a0e\u00a0descontra\u00e7\u00e3o.<\/p>\n","protected":false},"author":4,"featured_media":171569,"comment_status":"open","ping_status":"open","sticky":false,"template":"","format":"standard","meta":[],"categories":[311],"tags":[3310,1780,3403,3406,447],"_links":{"self":[{"href":"https:\/\/www.cronicasdeitarantim.com.br\/v1\/wp-json\/wp\/v2\/posts\/171568"}],"collection":[{"href":"https:\/\/www.cronicasdeitarantim.com.br\/v1\/wp-json\/wp\/v2\/posts"}],"about":[{"href":"https:\/\/www.cronicasdeitarantim.com.br\/v1\/wp-json\/wp\/v2\/types\/post"}],"author":[{"embeddable":true,"href":"https:\/\/www.cronicasdeitarantim.com.br\/v1\/wp-json\/wp\/v2\/users\/4"}],"replies":[{"embeddable":true,"href":"https:\/\/www.cronicasdeitarantim.com.br\/v1\/wp-json\/wp\/v2\/comments?post=171568"}],"version-history":[{"count":2,"href":"https:\/\/www.cronicasdeitarantim.com.br\/v1\/wp-json\/wp\/v2\/posts\/171568\/revisions"}],"predecessor-version":[{"id":171572,"href":"https:\/\/www.cronicasdeitarantim.com.br\/v1\/wp-json\/wp\/v2\/posts\/171568\/revisions\/171572"}],"wp:featuredmedia":[{"embeddable":true,"href":"https:\/\/www.cronicasdeitarantim.com.br\/v1\/wp-json\/wp\/v2\/media\/171569"}],"wp:attachment":[{"href":"https:\/\/www.cronicasdeitarantim.com.br\/v1\/wp-json\/wp\/v2\/media?parent=171568"}],"wp:term":[{"taxonomy":"category","embeddable":true,"href":"https:\/\/www.cronicasdeitarantim.com.br\/v1\/wp-json\/wp\/v2\/categories?post=171568"},{"taxonomy":"post_tag","embeddable":true,"href":"https:\/\/www.cronicasdeitarantim.com.br\/v1\/wp-json\/wp\/v2\/tags?post=171568"}],"curies":[{"name":"wp","href":"https:\/\/api.w.org\/{rel}","templated":true}]}}