{"id":171533,"date":"2025-04-18T12:28:12","date_gmt":"2025-04-18T15:28:12","guid":{"rendered":"https:\/\/www.cronicasdeitarantim.com.br\/v1\/?p=171533"},"modified":"2025-04-18T12:28:12","modified_gmt":"2025-04-18T15:28:12","slug":"prefeitura-de-potiragua-realiza-entrega-de-peixes-e-cestas-basicas-as-familias-na-semana-santa","status":"publish","type":"post","link":"https:\/\/www.cronicasdeitarantim.com.br\/v1\/2025\/04\/18\/prefeitura-de-potiragua-realiza-entrega-de-peixes-e-cestas-basicas-as-familias-na-semana-santa\/","title":{"rendered":"PREFEITURA DE POTIRAGU\u00c1 REALIZA ENTREGA DE PEIXES E CESTAS B\u00c1SICAS \u00c0S FAM\u00cdLIAS NA SEMANA SANTA"},"content":{"rendered":"<p>A prefeitura de Potiragu\u00e1, localizada no m\u00e9dio sudoeste da Bahia, realizou nesta quinta-feira, 17 de abril, a tradicional entrega de peixes da Semana Santa, al\u00e9m de diversas cestas b\u00e1sicas para as fam\u00edlias do munic\u00edpio. A a\u00e7\u00e3o, promovida pela Secretaria de Desenvolvimento Social, tem como objetivo atender a demanda das fam\u00edlias em situa\u00e7\u00e3o de vulnerabilidade social durante este per\u00edodo.<\/p>\n<p>Al\u00e9m dos peixes, as cestas b\u00e1sicas inclu\u00edram itens como p\u00e3o, leite e chocolate, proporcionando um complemento nutricional \u00e0s refei\u00e7\u00f5es das fam\u00edlias. De acordo com informa\u00e7\u00f5es da Prefeitura, a gest\u00e3o do prefeito Elias Carvalho, que est\u00e1 h\u00e1 pouco mais de 100 dias no cargo, tem priorizado tanto a sa\u00fade quanto o atendimento \u00e0s pessoas mais vulner\u00e1veis, com a\u00e7\u00f5es diretas no combate \u00e0 inseguran\u00e7a alimentar.<\/p>\n<div id=\"attachment_171535\" style=\"width: 459px\" class=\"wp-caption alignleft\"><a href=\"https:\/\/www.cronicasdeitarantim.com.br\/v1\/wp-content\/uploads\/2025\/04\/20250417_085739.jpg\"><img aria-describedby=\"caption-attachment-171535\" decoding=\"async\" loading=\"lazy\" class=\"wp-image-171535\" src=\"https:\/\/www.cronicasdeitarantim.com.br\/v1\/wp-content\/uploads\/2025\/04\/20250417_085739.jpg\" alt=\"\" width=\"449\" height=\"253\" srcset=\"https:\/\/www.cronicasdeitarantim.com.br\/v1\/wp-content\/uploads\/2025\/04\/20250417_085739.jpg 730w, https:\/\/www.cronicasdeitarantim.com.br\/v1\/wp-content\/uploads\/2025\/04\/20250417_085739-300x169.jpg 300w, https:\/\/www.cronicasdeitarantim.com.br\/v1\/wp-content\/uploads\/2025\/04\/20250417_085739-400x225.jpg 400w\" sizes=\"(max-width: 449px) 100vw, 449px\" \/><\/a><p id=\"caption-attachment-171535\" class=\"wp-caption-text\">Fotos: Blog do Edyy<\/p><\/div>\n<p>A entrega aconteceu na sede do munic\u00edpio e se estendeu \u00e0 zona rural e aos distritos de Gurup\u00e1-Mirim e Itaimb\u00e9. A Prefeitura tamb\u00e9m fez quest\u00e3o de atender fam\u00edlias com necessidades especiais que enfrentam dificuldades na locomo\u00e7\u00e3o, enviando membros do governo para levar os alimentos at\u00e9 essas resid\u00eancias.<\/p>\n<p>\u00c9 importante destacar que Potiragu\u00e1 foi a \u00fanica cidade da regi\u00e3o a entregar n\u00e3o apenas o peixe da Semana Santa, mas tamb\u00e9m cestas b\u00e1sicas e outros itens que complementam a alimenta\u00e7\u00e3o durante este per\u00edodo sagrado.<\/p>\n<p>A a\u00e7\u00e3o contou com a presen\u00e7a do vice-prefeito Gegel, da primeira-dama Gilvana Carvalho, do presidente da C\u00e2mara de Vereadores Raul de Ded\u00e9, da secret\u00e1ria de Desenvolvimento Social Sandra e toda a\u00a0equipe\u00a0do\u00a0CRAS.<\/p>\n<div id=\"attachment_171536\" style=\"width: 445px\" class=\"wp-caption alignnone\"><a href=\"https:\/\/www.cronicasdeitarantim.com.br\/v1\/wp-content\/uploads\/2025\/04\/20250417_083743.jpg\"><img aria-describedby=\"caption-attachment-171536\" decoding=\"async\" loading=\"lazy\" class=\"wp-image-171536\" src=\"https:\/\/www.cronicasdeitarantim.com.br\/v1\/wp-content\/uploads\/2025\/04\/20250417_083743.jpg\" alt=\"\" width=\"435\" height=\"245\" srcset=\"https:\/\/www.cronicasdeitarantim.com.br\/v1\/wp-content\/uploads\/2025\/04\/20250417_083743.jpg 730w, https:\/\/www.cronicasdeitarantim.com.br\/v1\/wp-content\/uploads\/2025\/04\/20250417_083743-300x169.jpg 300w, https:\/\/www.cronicasdeitarantim.com.br\/v1\/wp-content\/uploads\/2025\/04\/20250417_083743-400x225.jpg 400w\" sizes=\"(max-width: 435px) 100vw, 435px\" \/><\/a><p id=\"caption-attachment-171536\" class=\"wp-caption-text\">Fotos: Blog do Edyy<\/p><\/div>\n","protected":false},"excerpt":{"rendered":"<p>A prefeitura de Potiragu\u00e1, localizada no m\u00e9dio sudoeste da Bahia, realizou nesta quinta-feira, 17 de abril, a tradicional entrega de peixes da Semana Santa, al\u00e9m de diversas cestas b\u00e1sicas para as fam\u00edlias do munic\u00edpio. A a\u00e7\u00e3o, promovida pela Secretaria de Desenvolvimento Social, tem como objetivo atender a demanda das fam\u00edlias em situa\u00e7\u00e3o de vulnerabilidade social durante este per\u00edodo. Al\u00e9m dos peixes, as cestas b\u00e1sicas inclu\u00edram itens como p\u00e3o, leite e chocolate, proporcionando um complemento nutricional \u00e0s refei\u00e7\u00f5es das fam\u00edlias. De acordo com informa\u00e7\u00f5es da Prefeitura, a gest\u00e3o do prefeito Elias Carvalho, que est\u00e1 h\u00e1 pouco mais de 100 dias no [&hellip;]<\/p>\n","protected":false},"author":4,"featured_media":171534,"comment_status":"open","ping_status":"open","sticky":false,"template":"","format":"standard","meta":[],"categories":[304],"tags":[374,3310,1780,2509,258],"_links":{"self":[{"href":"https:\/\/www.cronicasdeitarantim.com.br\/v1\/wp-json\/wp\/v2\/posts\/171533"}],"collection":[{"href":"https:\/\/www.cronicasdeitarantim.com.br\/v1\/wp-json\/wp\/v2\/posts"}],"about":[{"href":"https:\/\/www.cronicasdeitarantim.com.br\/v1\/wp-json\/wp\/v2\/types\/post"}],"author":[{"embeddable":true,"href":"https:\/\/www.cronicasdeitarantim.com.br\/v1\/wp-json\/wp\/v2\/users\/4"}],"replies":[{"embeddable":true,"href":"https:\/\/www.cronicasdeitarantim.com.br\/v1\/wp-json\/wp\/v2\/comments?post=171533"}],"version-history":[{"count":1,"href":"https:\/\/www.cronicasdeitarantim.com.br\/v1\/wp-json\/wp\/v2\/posts\/171533\/revisions"}],"predecessor-version":[{"id":171537,"href":"https:\/\/www.cronicasdeitarantim.com.br\/v1\/wp-json\/wp\/v2\/posts\/171533\/revisions\/171537"}],"wp:featuredmedia":[{"embeddable":true,"href":"https:\/\/www.cronicasdeitarantim.com.br\/v1\/wp-json\/wp\/v2\/media\/171534"}],"wp:attachment":[{"href":"https:\/\/www.cronicasdeitarantim.com.br\/v1\/wp-json\/wp\/v2\/media?parent=171533"}],"wp:term":[{"taxonomy":"category","embeddable":true,"href":"https:\/\/www.cronicasdeitarantim.com.br\/v1\/wp-json\/wp\/v2\/categories?post=171533"},{"taxonomy":"post_tag","embeddable":true,"href":"https:\/\/www.cronicasdeitarantim.com.br\/v1\/wp-json\/wp\/v2\/tags?post=171533"}],"curies":[{"name":"wp","href":"https:\/\/api.w.org\/{rel}","templated":true}]}}