{"id":171478,"date":"2025-04-16T00:08:36","date_gmt":"2025-04-16T03:08:36","guid":{"rendered":"https:\/\/www.cronicasdeitarantim.com.br\/v1\/?p=171478"},"modified":"2025-04-16T00:26:22","modified_gmt":"2025-04-16T03:26:22","slug":"acidente-tragico-com-caminhao-da-empresa-atrasa-entrega-de-peixe-em-itarantim-motorista-morreu-no-local","status":"publish","type":"post","link":"https:\/\/www.cronicasdeitarantim.com.br\/v1\/2025\/04\/16\/acidente-tragico-com-caminhao-da-empresa-atrasa-entrega-de-peixe-em-itarantim-motorista-morreu-no-local\/","title":{"rendered":"Acidente tr\u00e1gico com caminh\u00e3o da empresa atrasa entrega de peixe em Itarantim, motorista morreu no local"},"content":{"rendered":"<p>Um acidente fatal envolvendo um caminhoneiro ocorreu nesta ter\u00e7a-feira, 15 de abril, na BA 547, entre Jequi\u00e9 e Apuarema numa regi\u00e3o conhecida como Serra das 7 Curvas, local de bastante perigo para motoristas. O acidente com o caminh\u00e3o ir\u00e1 atrasar a entrega do peixe em Itarantim, que estava prevista para esta quarta-feira, 16 de abril, tudo por conta que o caminh\u00e3o faz parte da mesma empresa que ganhou a licita\u00e7\u00e3o na cidade.<\/p>\n<p>De acordo com informa\u00e7\u00f5es da empresa, o acidente com uma de suas carretas que iria fazer a entrega do alimento para a cidade de Pira\u00ed do Norte, comprometeu toda a log\u00edstica de distribui\u00e7\u00e3o para algumas cidades baianas, incluindo Itarantim.<\/p>\n<p>Infelizmente, o motorista da carreta, identificado como Jess\u00e9 Santos da Silva, de 46 anos, natural de Jaguaquara, faleceu no local ap\u00f3s perder o controle do ve\u00edculo e cair em uma ribanceira.<\/p>\n<p>Em nota, a Prefeitura de Itarantim informou que a entrega do peixe ser\u00e1 realizada na quinta-feira, 17 de abril. O prefeito tamb\u00e9m se manifestou nas redes sociais, emocionado com a situa\u00e7\u00e3o e afirmando que Itarantim merece um peixe de qualidade.<\/p>\n<p>De acordo com informa\u00e7\u00f5es da empresa a carga n\u00e3o foi saqueada.<\/p>\n","protected":false},"excerpt":{"rendered":"<p>Um acidente fatal envolvendo um caminhoneiro ocorreu nesta ter\u00e7a-feira, 15 de abril, na BA 547, entre Jequi\u00e9 e Apuarema numa regi\u00e3o conhecida como Serra das 7 Curvas, local de bastante perigo para motoristas. O acidente com o caminh\u00e3o ir\u00e1 atrasar a entrega do peixe em Itarantim, que estava prevista para esta quarta-feira, 16 de abril, tudo por conta que o caminh\u00e3o faz parte da mesma empresa que ganhou a licita\u00e7\u00e3o na cidade. De acordo com informa\u00e7\u00f5es da empresa, o acidente com uma de suas carretas que iria fazer a entrega do alimento para a cidade de Pira\u00ed do Norte, comprometeu [&hellip;]<\/p>\n","protected":false},"author":4,"featured_media":171479,"comment_status":"open","ping_status":"open","sticky":false,"template":"","format":"standard","meta":[],"categories":[306],"tags":[594,3310,1780,385],"_links":{"self":[{"href":"https:\/\/www.cronicasdeitarantim.com.br\/v1\/wp-json\/wp\/v2\/posts\/171478"}],"collection":[{"href":"https:\/\/www.cronicasdeitarantim.com.br\/v1\/wp-json\/wp\/v2\/posts"}],"about":[{"href":"https:\/\/www.cronicasdeitarantim.com.br\/v1\/wp-json\/wp\/v2\/types\/post"}],"author":[{"embeddable":true,"href":"https:\/\/www.cronicasdeitarantim.com.br\/v1\/wp-json\/wp\/v2\/users\/4"}],"replies":[{"embeddable":true,"href":"https:\/\/www.cronicasdeitarantim.com.br\/v1\/wp-json\/wp\/v2\/comments?post=171478"}],"version-history":[{"count":5,"href":"https:\/\/www.cronicasdeitarantim.com.br\/v1\/wp-json\/wp\/v2\/posts\/171478\/revisions"}],"predecessor-version":[{"id":171484,"href":"https:\/\/www.cronicasdeitarantim.com.br\/v1\/wp-json\/wp\/v2\/posts\/171478\/revisions\/171484"}],"wp:featuredmedia":[{"embeddable":true,"href":"https:\/\/www.cronicasdeitarantim.com.br\/v1\/wp-json\/wp\/v2\/media\/171479"}],"wp:attachment":[{"href":"https:\/\/www.cronicasdeitarantim.com.br\/v1\/wp-json\/wp\/v2\/media?parent=171478"}],"wp:term":[{"taxonomy":"category","embeddable":true,"href":"https:\/\/www.cronicasdeitarantim.com.br\/v1\/wp-json\/wp\/v2\/categories?post=171478"},{"taxonomy":"post_tag","embeddable":true,"href":"https:\/\/www.cronicasdeitarantim.com.br\/v1\/wp-json\/wp\/v2\/tags?post=171478"}],"curies":[{"name":"wp","href":"https:\/\/api.w.org\/{rel}","templated":true}]}}