{"id":171469,"date":"2025-04-15T13:47:17","date_gmt":"2025-04-15T16:47:17","guid":{"rendered":"https:\/\/www.cronicasdeitarantim.com.br\/v1\/?p=171469"},"modified":"2025-04-15T13:47:17","modified_gmt":"2025-04-15T16:47:17","slug":"virou-caso-de-policia-advogado-baiano-com-2-milhoes-de-seguidores-e-preso-por-violencia-domestica","status":"publish","type":"post","link":"https:\/\/www.cronicasdeitarantim.com.br\/v1\/2025\/04\/15\/virou-caso-de-policia-advogado-baiano-com-2-milhoes-de-seguidores-e-preso-por-violencia-domestica\/","title":{"rendered":"Virou caso de pol\u00edcia! Advogado baiano com 2 milh\u00f5es de seguidores \u00e9 preso por viol\u00eancia dom\u00e9stica"},"content":{"rendered":"<div class=\"styles__Body-sc-1ffquwr-7 ePhtZb\">\n<h4>O advogado criminalista Jo\u00e3o Neto, natural de Salvador e conhecido nas redes sociais por acumular mais de 2 milh\u00f5es de seguidores, foi preso em flagrante na noite desta segunda-feira (14), em Macei\u00f3 (AL), acusado de agredir uma mulher dentro de seu apartamento, no bairro da Jati\u00faca.<\/h4>\n<h4>Segundo informa\u00e7\u00f5es da Opera\u00e7\u00e3o Policial Litor\u00e2nea Integrada (Oplit), moradores do edif\u00edcio acionaram a pol\u00edcia ap\u00f3s ouvirem gritos e sons de agress\u00e3o vindos do im\u00f3vel. A v\u00edtima precisou ser encaminhada a um hospital devido aos ferimentos. Jo\u00e3o Neto foi detido no local e encaminhado para audi\u00eancia de cust\u00f3dia nesta ter\u00e7a-feira (15).<\/h4>\n<h4>Ex-policial militar expulso da corpora\u00e7\u00e3o, Jo\u00e3o Neto \u00e9 mestre em ci\u00eancias criminais e ganhou notoriedade com v\u00eddeos sobre direito penal e participa\u00e7\u00f5es em podcasts, incluindo o do policial militar Alexandre Tchaca, alvo de opera\u00e7\u00e3o recente. Em 2024, atuou como advogado na campanha do candidato \u00e0 prefeitura de S\u00e3o Paulo, Pablo Mar\u00e7al (PRTB).<\/h4>\n<h4>Em nota, a defesa do advogado afirmou que \u201co assunto ser\u00e1 esclarecido a partir desta ter\u00e7a, em sede de audi\u00eancia de cust\u00f3dia, ainda que esta n\u00e3o seja o ambiente prop\u00edcio para discuss\u00e3o de m\u00e9rito\u201d. (Metro1)<\/h4>\n<\/div>\n","protected":false},"excerpt":{"rendered":"<p>O advogado criminalista Jo\u00e3o Neto, natural de Salvador e conhecido nas redes sociais por acumular mais de 2 milh\u00f5es de seguidores, foi preso em flagrante na noite desta segunda-feira (14), em Macei\u00f3 (AL), acusado de agredir uma mulher dentro de seu apartamento, no bairro da Jati\u00faca. Segundo informa\u00e7\u00f5es da Opera\u00e7\u00e3o Policial Litor\u00e2nea Integrada (Oplit), moradores do edif\u00edcio acionaram a pol\u00edcia ap\u00f3s ouvirem gritos e sons de agress\u00e3o vindos do im\u00f3vel. A v\u00edtima precisou ser encaminhada a um hospital devido aos ferimentos. Jo\u00e3o Neto foi detido no local e encaminhado para audi\u00eancia de cust\u00f3dia nesta ter\u00e7a-feira (15). Ex-policial militar expulso da [&hellip;]<\/p>\n","protected":false},"author":4,"featured_media":171470,"comment_status":"open","ping_status":"open","sticky":false,"template":"","format":"standard","meta":[],"categories":[306],"tags":[3398,76,3310,1780,434],"_links":{"self":[{"href":"https:\/\/www.cronicasdeitarantim.com.br\/v1\/wp-json\/wp\/v2\/posts\/171469"}],"collection":[{"href":"https:\/\/www.cronicasdeitarantim.com.br\/v1\/wp-json\/wp\/v2\/posts"}],"about":[{"href":"https:\/\/www.cronicasdeitarantim.com.br\/v1\/wp-json\/wp\/v2\/types\/post"}],"author":[{"embeddable":true,"href":"https:\/\/www.cronicasdeitarantim.com.br\/v1\/wp-json\/wp\/v2\/users\/4"}],"replies":[{"embeddable":true,"href":"https:\/\/www.cronicasdeitarantim.com.br\/v1\/wp-json\/wp\/v2\/comments?post=171469"}],"version-history":[{"count":1,"href":"https:\/\/www.cronicasdeitarantim.com.br\/v1\/wp-json\/wp\/v2\/posts\/171469\/revisions"}],"predecessor-version":[{"id":171471,"href":"https:\/\/www.cronicasdeitarantim.com.br\/v1\/wp-json\/wp\/v2\/posts\/171469\/revisions\/171471"}],"wp:featuredmedia":[{"embeddable":true,"href":"https:\/\/www.cronicasdeitarantim.com.br\/v1\/wp-json\/wp\/v2\/media\/171470"}],"wp:attachment":[{"href":"https:\/\/www.cronicasdeitarantim.com.br\/v1\/wp-json\/wp\/v2\/media?parent=171469"}],"wp:term":[{"taxonomy":"category","embeddable":true,"href":"https:\/\/www.cronicasdeitarantim.com.br\/v1\/wp-json\/wp\/v2\/categories?post=171469"},{"taxonomy":"post_tag","embeddable":true,"href":"https:\/\/www.cronicasdeitarantim.com.br\/v1\/wp-json\/wp\/v2\/tags?post=171469"}],"curies":[{"name":"wp","href":"https:\/\/api.w.org\/{rel}","templated":true}]}}