{"id":171430,"date":"2025-04-14T11:02:27","date_gmt":"2025-04-14T14:02:27","guid":{"rendered":"https:\/\/www.cronicasdeitarantim.com.br\/v1\/?p=171430"},"modified":"2025-04-14T14:01:19","modified_gmt":"2025-04-14T17:01:19","slug":"pascoa-solidaria-em-itarantim-um-evento-de-amor-e-solidariedade-que-sera-realizado-pelo-grupo-itarantim-pode-mais","status":"publish","type":"post","link":"https:\/\/www.cronicasdeitarantim.com.br\/v1\/2025\/04\/14\/pascoa-solidaria-em-itarantim-um-evento-de-amor-e-solidariedade-que-sera-realizado-pelo-grupo-itarantim-pode-mais\/","title":{"rendered":"P\u00e1scoa Solid\u00e1ria em Itarantim: Um evento de amor e solidariedade que ser\u00e1 realizado pelo grupo Itarantim Pode Mais \u00a0"},"content":{"rendered":"<p>No pr\u00f3ximo dia 27 de abril, a partir das 13 horas, a Pra\u00e7a Luiz Viana Filho, em Itarantim, ser\u00e1 o palco da P\u00e1scoa Solid\u00e1ria, uma a\u00e7\u00e3o promovida pelo grupo Itarantim Pode Mais. O objetivo \u00e9 proporcionar uma tarde de lazer e acolhimento para crian\u00e7as carentes de todos os bairros da cidade.<\/p>\n<p>O evento contar\u00e1 com a distribui\u00e7\u00e3o de brinquedos, atra\u00e7\u00f5es infantis, atividades culturais e uma programa\u00e7\u00e3o voltada para toda a comunidade. A meta da organiza\u00e7\u00e3o \u00e9 arrecadar at\u00e9 4 mil brinquedos, que ser\u00e3o doados \u00e0s crian\u00e7as participantes.<\/p>\n<p><strong>*Estrutura do Evento:*<\/strong><br \/>\n&#8211; Teatro infantil e espet\u00e1culo de circo com palha\u00e7os e personagens<br \/>\n&#8211; Brinquedos infl\u00e1veis como pula-pula, escorregador e piscina de bolinhas<br \/>\n&#8211; Pipoca e algod\u00e3o-doce gratuitos<br \/>\n&#8211; Sorteios de pr\u00eamios<br \/>\n&#8211; Atra\u00e7\u00f5es musicais confirmadas: Grupo Mover, Fabr\u00edcio Alves e Eduardo Campos<\/p>\n<p><strong>*Sobre o Grupo Itarantim Pode Mais:*<\/strong><br \/>\nFormado por jovens, comerciantes, empres\u00e1rios e moradores que acreditam na constru\u00e7\u00e3o de uma cidade mais justa e participativa, o grupo j\u00e1 realizou a\u00e7\u00f5es como:<br \/>\n&#8211; Com\u00e9rcio Premiado (2 edi\u00e7\u00f5es, mais de R$ 50 mil em pr\u00eamios)<br \/>\n&#8211; Maratona de Conhecimento (3 edi\u00e7\u00f5es com palestras profissionais)<br \/>\n&#8211; Com\u00e9rcio Solid\u00e1rio (entrega de cestas b\u00e1sicas)<br \/>\n&#8211; Maratona Social (2 edi\u00e7\u00f5es com mais de 35 servi\u00e7os gratuitos)<br \/>\n&#8211; P\u00e1scoa Solid\u00e1ria, inspirada no Natal Solid\u00e1rio idealizado por Jeferson Motot\u00e1xi.<\/p>\n<p><strong>*A Vis\u00e3o de Joelan Sobrinho:*<\/strong><br \/>\n&#8220;A gente n\u00e3o quer s\u00f3 fazer a\u00e7\u00f5es; queremos tocar a vida das pessoas. Nosso grupo \u00e9 feito de gente simples, mas com vontade de ver Itarantim crescer com o povo sendo respeitado e lembrado. Infelizmente, ainda \u00e9 uma triste realidade vermos crian\u00e7as que nunca ganharam um brinquedo novo ou tiveram a chance de viver uma tarde de divers\u00e3o. A gente quer promover isso aqui. A alegria da crian\u00e7a tamb\u00e9m \u00e9 a alegria dos pais.&#8221;<\/p>\n<p><strong>*Parcerias e Apoios:*<\/strong><br \/>\n<strong>Empresas e com\u00e9rcios parceiros:<\/strong><\/p>\n<p>-Banco Sicoob Credcoop<br \/>\n&#8211; Maiqvox Provedor de Internet<br \/>\n&#8211; Madecon Material para Constru\u00e7\u00e3o<br \/>\n&#8211; D\u00edgitus Contabilidade<br \/>\n&#8211; \u00d3ticas Ruby<br \/>\n&#8211; Evandro Importados<br \/>\n&#8211; Na Brasa Burguer<br \/>\n&#8211; Divina Especiaria<br \/>\n&#8211; Cl\u00ednica Spazio<br \/>\n&#8211; JS EletroCell<br \/>\n&#8211; Biel Motos<br \/>\n&#8211; TopIce Sabores<br \/>\n&#8211; Ideal Comunica\u00e7\u00f5es<\/p>\n<p><strong>* Apoio individual:*<\/strong><br \/>\n&#8211; Max Bonfim<br \/>\n&#8211; Elias Carvalho<br \/>\n&#8211; Raul de Ded\u00e9<br \/>\n&#8211; Nando Costa<br \/>\n&#8211; Adriano Lima<br \/>\n&#8211; Silva Neto<\/p>\n<p><strong>Parceria de m\u00eddia:<\/strong><br \/>\n&#8211; Cr\u00f4nicas de Itarantim<br \/>\n&#8211; Blog do Eddy<br \/>\n&#8211; Programa Em Pauta<br \/>\n&#8211; Se Liga Neg\u00e3o<br \/>\n&#8211; DS Santana<\/p>\n<p><strong>Presen\u00e7a confirmada de lideran\u00e7as pol\u00edticas:<\/strong><br \/>\n&#8211; Adriano Lima (ex-prefeito de Serrinha &#8211; BA)<br \/>\n&#8211; Silva Neto (ex-prefeito de Araci &#8211; BA)<br \/>\n&#8211; Elias Carvalho (prefeito de Potiragu\u00e1)<br \/>\n&#8211; Raul de Ded\u00e9 (presidente da C\u00e2mara de Potiragu\u00e1)<br \/>\n&#8211; Carlinhos (presidente da C\u00e2mara de Caatiba &#8211; BA)<br \/>\n&#8211; Max Bonfim (prefeito de Jord\u00e2nia &#8211; MG)<\/p>\n<p><strong>*Informa\u00e7\u00f5es do Evento:*<\/strong><br \/>\n&#8211; *Data:* 27 de abril (domingo)<br \/>\n&#8211; *Hor\u00e1rio:* A partir das 13h<br \/>\n&#8211; *Local:* Pra\u00e7a Luiz Viana Filho (Centro &#8211; Itarantim &#8211; BA)<br \/>\n&#8211; *P\u00fablico-alvo:* Crian\u00e7as carentes de todos os bairros<br \/>\n&#8211; *Meta:* Arrecadar at\u00e9 4 mil brinquedos<\/p>\n<p><strong>*Nota do Autor:*<\/strong><br \/>\nProjetos como a P\u00e1scoa Solid\u00e1ria s\u00e3o mais do que eventos festivos; eles s\u00e3o sinais de que a comunidade pode \u2014 e deve \u2014 olhar com mais carinho para quem precisa. Quando um grupo se une com prop\u00f3sito, sem interesses pessoais, focando apenas no bem coletivo, ele faz o que muitos discursos n\u00e3o conseguem fazer: transforma. \u00c9 bonito ver que Itarantim, com toda sua simplicidade, est\u00e1 aprendendo a fazer isso com o que tem de melhor\u00a0\u2014\u00a0sua\u00a0gente.<\/p>\n<p><a href=\"https:\/\/www.cronicasdeitarantim.com.br\/v1\/wp-content\/uploads\/2025\/04\/491745049_2170655950018308_4437916687624499051_n.jpg\"><img decoding=\"async\" loading=\"lazy\" class=\"alignnone size-full wp-image-171431\" src=\"https:\/\/www.cronicasdeitarantim.com.br\/v1\/wp-content\/uploads\/2025\/04\/491745049_2170655950018308_4437916687624499051_n.jpg\" alt=\"\" width=\"450\" height=\"800\" srcset=\"https:\/\/www.cronicasdeitarantim.com.br\/v1\/wp-content\/uploads\/2025\/04\/491745049_2170655950018308_4437916687624499051_n.jpg 450w, https:\/\/www.cronicasdeitarantim.com.br\/v1\/wp-content\/uploads\/2025\/04\/491745049_2170655950018308_4437916687624499051_n-169x300.jpg 169w, https:\/\/www.cronicasdeitarantim.com.br\/v1\/wp-content\/uploads\/2025\/04\/491745049_2170655950018308_4437916687624499051_n-400x711.jpg 400w, https:\/\/www.cronicasdeitarantim.com.br\/v1\/wp-content\/uploads\/2025\/04\/491745049_2170655950018308_4437916687624499051_n-338x600.jpg 338w\" sizes=\"(max-width: 450px) 100vw, 450px\" \/><\/a><\/p>\n","protected":false},"excerpt":{"rendered":"<p>No pr\u00f3ximo dia 27 de abril, a partir das 13 horas, a Pra\u00e7a Luiz Viana Filho, em Itarantim, ser\u00e1 o palco da P\u00e1scoa Solid\u00e1ria, uma a\u00e7\u00e3o promovida pelo grupo Itarantim Pode Mais. O objetivo \u00e9 proporcionar uma tarde de lazer e acolhimento para crian\u00e7as carentes de todos os bairros da cidade. O evento contar\u00e1 com a distribui\u00e7\u00e3o de brinquedos, atra\u00e7\u00f5es infantis, atividades culturais e uma programa\u00e7\u00e3o voltada para toda a comunidade. A meta da organiza\u00e7\u00e3o \u00e9 arrecadar at\u00e9 4 mil brinquedos, que ser\u00e3o doados \u00e0s crian\u00e7as participantes. *Estrutura do Evento:* &#8211; Teatro infantil e espet\u00e1culo de circo com palha\u00e7os e [&hellip;]<\/p>\n","protected":false},"author":4,"featured_media":171431,"comment_status":"open","ping_status":"open","sticky":false,"template":"","format":"standard","meta":[],"categories":[14],"tags":[374,3310,1780,3392,3393],"_links":{"self":[{"href":"https:\/\/www.cronicasdeitarantim.com.br\/v1\/wp-json\/wp\/v2\/posts\/171430"}],"collection":[{"href":"https:\/\/www.cronicasdeitarantim.com.br\/v1\/wp-json\/wp\/v2\/posts"}],"about":[{"href":"https:\/\/www.cronicasdeitarantim.com.br\/v1\/wp-json\/wp\/v2\/types\/post"}],"author":[{"embeddable":true,"href":"https:\/\/www.cronicasdeitarantim.com.br\/v1\/wp-json\/wp\/v2\/users\/4"}],"replies":[{"embeddable":true,"href":"https:\/\/www.cronicasdeitarantim.com.br\/v1\/wp-json\/wp\/v2\/comments?post=171430"}],"version-history":[{"count":4,"href":"https:\/\/www.cronicasdeitarantim.com.br\/v1\/wp-json\/wp\/v2\/posts\/171430\/revisions"}],"predecessor-version":[{"id":171445,"href":"https:\/\/www.cronicasdeitarantim.com.br\/v1\/wp-json\/wp\/v2\/posts\/171430\/revisions\/171445"}],"wp:featuredmedia":[{"embeddable":true,"href":"https:\/\/www.cronicasdeitarantim.com.br\/v1\/wp-json\/wp\/v2\/media\/171431"}],"wp:attachment":[{"href":"https:\/\/www.cronicasdeitarantim.com.br\/v1\/wp-json\/wp\/v2\/media?parent=171430"}],"wp:term":[{"taxonomy":"category","embeddable":true,"href":"https:\/\/www.cronicasdeitarantim.com.br\/v1\/wp-json\/wp\/v2\/categories?post=171430"},{"taxonomy":"post_tag","embeddable":true,"href":"https:\/\/www.cronicasdeitarantim.com.br\/v1\/wp-json\/wp\/v2\/tags?post=171430"}],"curies":[{"name":"wp","href":"https:\/\/api.w.org\/{rel}","templated":true}]}}