{"id":171410,"date":"2025-04-13T04:01:55","date_gmt":"2025-04-13T07:01:55","guid":{"rendered":"https:\/\/www.cronicasdeitarantim.com.br\/v1\/?p=171410"},"modified":"2025-04-13T04:07:10","modified_gmt":"2025-04-13T07:07:10","slug":"a-coluna-fogo-no-parquinho-desta-semana-mostra-a-lama-jogada-no-ventilador-pelo-lider-do-governo-na-camara","status":"publish","type":"post","link":"https:\/\/www.cronicasdeitarantim.com.br\/v1\/2025\/04\/13\/a-coluna-fogo-no-parquinho-desta-semana-mostra-a-lama-jogada-no-ventilador-pelo-lider-do-governo-na-camara\/","title":{"rendered":"A coluna &#8216;Fogo no Parquinho&#8217; desta semana mostra a &#8220;lama jogada no ventilador&#8221; pelo l\u00edder do governo na C\u00e2mara"},"content":{"rendered":"<div id=\":rl\" class=\"Am aiL Al editable LW-avf tS-tW tS-tY\" tabindex=\"1\" role=\"textbox\" contenteditable=\"true\" spellcheck=\"false\" aria-label=\"Corpo da mensagem\" aria-multiline=\"true\" aria-owns=\":tz\" aria-controls=\":tz\" aria-expanded=\"false\">\n<p><strong>A coluna &#8216;Fogo no Parquinho&#8217; e a treta do vereador Serginho, l\u00edder do governo, com os secret\u00e1rios &#8211;<\/strong> Na \u00faltima ter\u00e7a-feira, 08 de abril, durante a sess\u00e3o da C\u00e2mara, o l\u00edder do governo, o vereador Serginho, fez declara\u00e7\u00f5es pol\u00eamicas que geraram desconfortos de relacionamento na administra\u00e7\u00e3o do prefeito F\u00e1bio Gusm\u00e3o. O vereador \u201cjogou lama no ventilador\u201d para descrever a situa\u00e7\u00e3o, levantando quest\u00f5es sobre a gest\u00e3o e o desempenho de secret\u00e1rios municipais, que segundo ele precisa deixar o ego e ter mais humildade.<\/p>\n<p>A imagem que ficou foi a de um ventilador ligado no m\u00e1ximo, jogando lama para todos os lados. Vamos ver agora se ir\u00e1 atingir algu\u00e9m ou atingir o pr\u00f3prio vereador.<\/p>\n<p>Em sua fala, Serginho destacou que o prefeito precisa &#8220;cortar alguns males pela raiz&#8221; e conduzir a &#8220;carruagem no caminho certo&#8221;. Ele tamb\u00e9m mencionou secret\u00e1rios que estariam tentando criar subprefeituras e criticou o atendimento humanizado nos servi\u00e7os p\u00fablicos. Essas afirma\u00e7\u00f5es levantaram especula\u00e7\u00f5es sobre quais secret\u00e1rios estariam sendo alvos das cr\u00edticas.<\/p>\n<p>A imagem da carruagem guiada por m\u00e3os in\u00e1beis pairava no ar, deixando todos se perguntando quem realmente estava no comando. Ele dizia que era necess\u00e1rio recolocar a carro\u00e7a ou carruagem de volta aos caminhos.<\/p>\n<p>Nos bastidores, rumores indicam que o vereador estava se referindo especificamente \u00e0 secret\u00e1ria de educa\u00e7\u00e3o, Adriana Batisti, embora essa informa\u00e7\u00e3o n\u00e3o tenha sido confirmada.<\/p>\n<p>Sobre sua fala de que secret\u00e1rios est\u00e3o criando &#8220;subprefeituras&#8221;, ele revela uma ambi\u00e7\u00e3o velada entre alguns secret\u00e1rios que parecem sonhar em ser prefeitos em miniatura. \u00c9 o que transpareceu.<\/p>\n<p><strong>Voltando um pouco no tempo<\/strong><\/p>\n<p>As bocas de ruas contam que na semana anterior \u00e0 fala do vereador, o prefeito teve um risca faca com alguns vereadores de sua base. Dizem que o prefeito ficou bastante irritado com algumas situa\u00e7\u00f5es e relatos d\u00e3o conta que ele disparou contra vereadores com at\u00e9 palavr\u00f5es deixando o clima tenso.<\/p>\n<p>N\u00e3o se tem certeza se a fala do vereador tem alguma rela\u00e7\u00e3o com este atrito do prefeito com os vereadores e se ele tamb\u00e9m foi alvo destes xingamentos do chefe do executivo.<\/p>\n<p><strong>Voltando para a sess\u00e3o<\/strong><\/p>\n<p>O vereador foi claro e se referiu a uma secret\u00e1ria, que segundo ele n\u00e3o estava respondendo suas mensagens e logo as mentes mais atentas que tendencia o alvo e sempre o mesmo alvo entendeu que ele estava falando da secret\u00e1ria de educa\u00e7\u00e3o, Adriana Batisti.<\/p>\n<p>A fala do vereador foi interpretada como uma cr\u00edtica dura \u00e0 gest\u00e3o e pode resultar em consequ\u00eancias significativas para sua lideran\u00e7a na C\u00e2mara. Pol\u00edticos experientes sugerem que ele agiu de forma imatura ao expor publicamente as fragilidades do governo, o que pode ser explorado pela oposi\u00e7\u00e3o nos pr\u00f3ximos anos. Em especial o vereador Zeza, o qual, Dudu, o presidente da C\u00e2mara, em tom de brincadeira o chamou de &#8220;Rom\u00e3ozinho&#8221;, que a hist\u00f3ria voc\u00eas conhecem!.<\/p>\n<p>A autonomia do l\u00edder do governo \u00e9 questionada agora, especialmente considerando que sua base foi constru\u00edda com o apoio direto do prefeito durante a campanha. Caso essa crise se aprofunde, pode haver um isolamento do vereador, isso \u00e9 certeza que ele ser\u00e1 privado de eventos pol\u00edticos, dos corredores da gest\u00e3o e das decis\u00f5es internas da administra\u00e7\u00e3o. Isso j\u00e1 pode estar acontecendo.<\/p>\n<p>Os pr\u00f3ximos cap\u00edtulos dessa hist\u00f3ria prometem ser intensos, com poss\u00edveis mudan\u00e7as na lideran\u00e7a e no relacionamento entre os membros do governo F\u00e1bio. A situa\u00e7\u00e3o pode ficar em uma total ebuli\u00e7\u00e3o e \u00e9 muito natural em situa\u00e7\u00f5es como essas cabe\u00e7as rolarem. Uma apostinha a\u00ed?<\/p>\n<p>Confira aqui parte da fala do vereador:<\/p>\n<p><iframe loading=\"lazy\" title=\"L\u00edder do governo na C\u00e2mara, vereador Serginho, faz duras cr\u00edticas aos secret\u00e1rios - 02\" width=\"1200\" height=\"675\" src=\"https:\/\/www.youtube.com\/embed\/JRfbpLKMvvI?feature=oembed\" frameborder=\"0\" allow=\"accelerometer; autoplay; clipboard-write; encrypted-media; gyroscope; picture-in-picture; web-share\" referrerpolicy=\"strict-origin-when-cross-origin\" allowfullscreen><\/iframe><\/p>\n<p><iframe loading=\"lazy\" title=\"L\u00edder do governo faz duras cr\u00edticas aos secret\u00e1rios do governo F\u00e1bio Gusm\u00e3o\" width=\"1200\" height=\"675\" src=\"https:\/\/www.youtube.com\/embed\/zPOki0wkyEY?feature=oembed\" frameborder=\"0\" allow=\"accelerometer; autoplay; clipboard-write; encrypted-media; gyroscope; picture-in-picture; web-share\" referrerpolicy=\"strict-origin-when-cross-origin\" allowfullscreen><\/iframe><\/p>\n<\/div>\n","protected":false},"excerpt":{"rendered":"<p>A coluna &#8216;Fogo no Parquinho&#8217; e a treta do vereador Serginho, l\u00edder do governo, com os secret\u00e1rios &#8211; Na \u00faltima ter\u00e7a-feira, 08 de abril, durante a sess\u00e3o da C\u00e2mara, o l\u00edder do governo, o vereador Serginho, fez declara\u00e7\u00f5es pol\u00eamicas que geraram desconfortos de relacionamento na administra\u00e7\u00e3o do prefeito F\u00e1bio Gusm\u00e3o. O vereador \u201cjogou lama no ventilador\u201d para descrever a situa\u00e7\u00e3o, levantando quest\u00f5es sobre a gest\u00e3o e o desempenho de secret\u00e1rios municipais, que segundo ele precisa deixar o ego e ter mais humildade. A imagem que ficou foi a de um ventilador ligado no m\u00e1ximo, jogando lama para todos os lados. [&hellip;]<\/p>\n","protected":false},"author":4,"featured_media":171411,"comment_status":"open","ping_status":"open","sticky":false,"template":"","format":"standard","meta":[],"categories":[308],"tags":[3310,356,729,1780,2671,431,572],"_links":{"self":[{"href":"https:\/\/www.cronicasdeitarantim.com.br\/v1\/wp-json\/wp\/v2\/posts\/171410"}],"collection":[{"href":"https:\/\/www.cronicasdeitarantim.com.br\/v1\/wp-json\/wp\/v2\/posts"}],"about":[{"href":"https:\/\/www.cronicasdeitarantim.com.br\/v1\/wp-json\/wp\/v2\/types\/post"}],"author":[{"embeddable":true,"href":"https:\/\/www.cronicasdeitarantim.com.br\/v1\/wp-json\/wp\/v2\/users\/4"}],"replies":[{"embeddable":true,"href":"https:\/\/www.cronicasdeitarantim.com.br\/v1\/wp-json\/wp\/v2\/comments?post=171410"}],"version-history":[{"count":4,"href":"https:\/\/www.cronicasdeitarantim.com.br\/v1\/wp-json\/wp\/v2\/posts\/171410\/revisions"}],"predecessor-version":[{"id":171415,"href":"https:\/\/www.cronicasdeitarantim.com.br\/v1\/wp-json\/wp\/v2\/posts\/171410\/revisions\/171415"}],"wp:featuredmedia":[{"embeddable":true,"href":"https:\/\/www.cronicasdeitarantim.com.br\/v1\/wp-json\/wp\/v2\/media\/171411"}],"wp:attachment":[{"href":"https:\/\/www.cronicasdeitarantim.com.br\/v1\/wp-json\/wp\/v2\/media?parent=171410"}],"wp:term":[{"taxonomy":"category","embeddable":true,"href":"https:\/\/www.cronicasdeitarantim.com.br\/v1\/wp-json\/wp\/v2\/categories?post=171410"},{"taxonomy":"post_tag","embeddable":true,"href":"https:\/\/www.cronicasdeitarantim.com.br\/v1\/wp-json\/wp\/v2\/tags?post=171410"}],"curies":[{"name":"wp","href":"https:\/\/api.w.org\/{rel}","templated":true}]}}