{"id":171385,"date":"2025-04-11T12:38:20","date_gmt":"2025-04-11T15:38:20","guid":{"rendered":"https:\/\/www.cronicasdeitarantim.com.br\/v1\/?p=171385"},"modified":"2025-04-11T12:45:17","modified_gmt":"2025-04-11T15:45:17","slug":"igreja-tempo-de-milagre-um-refugio-de-esperanca-e-solidariedade-com-acoes-esportivas-e-alimentos","status":"publish","type":"post","link":"https:\/\/www.cronicasdeitarantim.com.br\/v1\/2025\/04\/11\/igreja-tempo-de-milagre-um-refugio-de-esperanca-e-solidariedade-com-acoes-esportivas-e-alimentos\/","title":{"rendered":"Igreja Tempo de Milagre: Um ref\u00fagio de esperan\u00e7a e solidariedade com a\u00e7\u00f5es esportivas e alimentos"},"content":{"rendered":"<p>A Igreja Tempo de Milagre, sob a lideran\u00e7a da Pastora Sandra e do Pastor Andr\u00e9, tem se destacado na comunidade ao promover a\u00e7\u00f5es solid\u00e1rias que transformam vidas. Desde abertura do proejto, h\u00e1 cinco meses, a igreja tem sido um farol de esperan\u00e7a para muitas fam\u00edlias.<\/p>\n<p>Toda quinta-feira, a igreja realiza o &#8220;Sop\u00e3o Solid\u00e1rio&#8221;, uma iniciativa aberta a todos os moradores que buscam uma refei\u00e7\u00e3o quente e acolhedora. &#8220;Nosso objetivo \u00e9 proporcionar n\u00e3o apenas alimento, mas tamb\u00e9m um espa\u00e7o de acolhimento e amizade&#8221;, afirmou a Pastora Sandra. O sop\u00e3o tem atra\u00eddo um n\u00famero crescente de participantes, refor\u00e7ando a import\u00e2ncia da solidariedade em tempos dif\u00edceis.<\/p>\n<div id=\"attachment_171388\" style=\"width: 740px\" class=\"wp-caption alignnone\"><a href=\"https:\/\/www.cronicasdeitarantim.com.br\/v1\/wp-content\/uploads\/2025\/04\/Imagem-do-WhatsApp-de-2025-04-11-as-12.23.07_18989d29.jpg\"><img aria-describedby=\"caption-attachment-171388\" decoding=\"async\" loading=\"lazy\" class=\"wp-image-171388 size-full\" src=\"https:\/\/www.cronicasdeitarantim.com.br\/v1\/wp-content\/uploads\/2025\/04\/Imagem-do-WhatsApp-de-2025-04-11-as-12.23.07_18989d29.jpg\" alt=\"\" width=\"730\" height=\"337\" srcset=\"https:\/\/www.cronicasdeitarantim.com.br\/v1\/wp-content\/uploads\/2025\/04\/Imagem-do-WhatsApp-de-2025-04-11-as-12.23.07_18989d29.jpg 730w, https:\/\/www.cronicasdeitarantim.com.br\/v1\/wp-content\/uploads\/2025\/04\/Imagem-do-WhatsApp-de-2025-04-11-as-12.23.07_18989d29-300x138.jpg 300w, https:\/\/www.cronicasdeitarantim.com.br\/v1\/wp-content\/uploads\/2025\/04\/Imagem-do-WhatsApp-de-2025-04-11-as-12.23.07_18989d29-400x185.jpg 400w\" sizes=\"(max-width: 730px) 100vw, 730px\" \/><\/a><p id=\"caption-attachment-171388\" class=\"wp-caption-text\">Momento de ora\u00e7\u00e3o antes de servir a sopa. Igreja Tempo de Milagre.<\/p><\/div>\n<p>Al\u00e9m disso, aos s\u00e1bados, a igreja oferece o \u201cAlmo\u00e7o das Crian\u00e7as\u201d, atendendo mais de 30 jovens da comunidade. Durante essa atividade, as crian\u00e7as n\u00e3o apenas desfrutam de uma refei\u00e7\u00e3o nutritiva, mas tamb\u00e9m t\u00eam acesso a aulas gratuitas de muai tay, capoeira e boxe. Professores volunt\u00e1rios se dedicam a ensinar e inspirar esses jovens, promovendo n\u00e3o apenas o aprendizado f\u00edsico, mas tamb\u00e9m valores como disciplina e respeito.<\/p>\n<p>As mulheres da comunidade tamb\u00e9m t\u00eam seu espa\u00e7o na igreja. O projeto &#8220;Funcional&#8221; \u00e9 oferecido, proporcionando um momento de cuidado e bem-estar para as participantes. &#8220;Acreditamos que \u00e9 fundamental o cuidado que devemos\u00a0 oferecer as mulheres e oportunidades para que elas se sintam saud\u00e1veis e confiantes&#8221;, comentou o Pastor Andr\u00e9.<\/p>\n<p>Com essas iniciativas, a Igreja Tempo de Milagre n\u00e3o s\u00f3 alimenta o corpo, mas tamb\u00e9m nutre o esp\u00edrito da comunidade. A uni\u00e3o e o apoio m\u00fatuo s\u00e3o fundamentais para enfrentar os desafios do dia a dia, por isso a igreja e o projeto necessita de ajuda da comunidade e voc\u00ea que queira contribuir, para mais informa\u00e7\u00f5es sobre as atividades ou como participar, entre em contato com a Pastora Sandra pelo n\u00famero 73981640815 ou com o Pastor Andr\u00e9 pelo telefone 73 982431418.<\/p>\n","protected":false},"excerpt":{"rendered":"<p>A Igreja Tempo de Milagre, sob a lideran\u00e7a da Pastora Sandra e do Pastor Andr\u00e9, tem se destacado na comunidade ao promover a\u00e7\u00f5es solid\u00e1rias que transformam vidas. Desde abertura do proejto, h\u00e1 cinco meses, a igreja tem sido um farol de esperan\u00e7a para muitas fam\u00edlias. Toda quinta-feira, a igreja realiza o &#8220;Sop\u00e3o Solid\u00e1rio&#8221;, uma iniciativa aberta a todos os moradores que buscam uma refei\u00e7\u00e3o quente e acolhedora. &#8220;Nosso objetivo \u00e9 proporcionar n\u00e3o apenas alimento, mas tamb\u00e9m um espa\u00e7o de acolhimento e amizade&#8221;, afirmou a Pastora Sandra. O sop\u00e3o tem atra\u00eddo um n\u00famero crescente de participantes, refor\u00e7ando a import\u00e2ncia da solidariedade [&hellip;]<\/p>\n","protected":false},"author":4,"featured_media":171386,"comment_status":"open","ping_status":"open","sticky":false,"template":"","format":"standard","meta":[],"categories":[310],"tags":[374,3310,1780,368,380,3388],"_links":{"self":[{"href":"https:\/\/www.cronicasdeitarantim.com.br\/v1\/wp-json\/wp\/v2\/posts\/171385"}],"collection":[{"href":"https:\/\/www.cronicasdeitarantim.com.br\/v1\/wp-json\/wp\/v2\/posts"}],"about":[{"href":"https:\/\/www.cronicasdeitarantim.com.br\/v1\/wp-json\/wp\/v2\/types\/post"}],"author":[{"embeddable":true,"href":"https:\/\/www.cronicasdeitarantim.com.br\/v1\/wp-json\/wp\/v2\/users\/4"}],"replies":[{"embeddable":true,"href":"https:\/\/www.cronicasdeitarantim.com.br\/v1\/wp-json\/wp\/v2\/comments?post=171385"}],"version-history":[{"count":5,"href":"https:\/\/www.cronicasdeitarantim.com.br\/v1\/wp-json\/wp\/v2\/posts\/171385\/revisions"}],"predecessor-version":[{"id":171392,"href":"https:\/\/www.cronicasdeitarantim.com.br\/v1\/wp-json\/wp\/v2\/posts\/171385\/revisions\/171392"}],"wp:featuredmedia":[{"embeddable":true,"href":"https:\/\/www.cronicasdeitarantim.com.br\/v1\/wp-json\/wp\/v2\/media\/171386"}],"wp:attachment":[{"href":"https:\/\/www.cronicasdeitarantim.com.br\/v1\/wp-json\/wp\/v2\/media?parent=171385"}],"wp:term":[{"taxonomy":"category","embeddable":true,"href":"https:\/\/www.cronicasdeitarantim.com.br\/v1\/wp-json\/wp\/v2\/categories?post=171385"},{"taxonomy":"post_tag","embeddable":true,"href":"https:\/\/www.cronicasdeitarantim.com.br\/v1\/wp-json\/wp\/v2\/tags?post=171385"}],"curies":[{"name":"wp","href":"https:\/\/api.w.org\/{rel}","templated":true}]}}