{"id":171339,"date":"2025-04-09T22:18:47","date_gmt":"2025-04-10T01:18:47","guid":{"rendered":"https:\/\/www.cronicasdeitarantim.com.br\/v1\/?p=171339"},"modified":"2025-04-09T22:21:39","modified_gmt":"2025-04-10T01:21:39","slug":"os-tres-funcionarios-de-cervejaria-que-morreram-em-acidente-em-itabuna-foram-identificados","status":"publish","type":"post","link":"https:\/\/www.cronicasdeitarantim.com.br\/v1\/2025\/04\/09\/os-tres-funcionarios-de-cervejaria-que-morreram-em-acidente-em-itabuna-foram-identificados\/","title":{"rendered":"Os tr\u00eas funcion\u00e1rios de cervejaria que morreram em acidente em Itabuna foram identificados"},"content":{"rendered":"<div id=\"chunk-aa1ja\">\n<div class=\"mc-column content-text active-extra-styles \" data-block-type=\"unstyled\" data-block-weight=\"26\" data-block-id=\"3\">\n<p class=\" content-text__container \" data-track-category=\"Link no Texto\" data-track-links=\"\" data-mrf-recirculation=\"Mat\u00e9ria - Links no Texto\">Tr\u00eas funcion\u00e1rios de uma cervejaria morreram ap\u00f3s um acidente entre dois caminh\u00f5es, nesta quarta-feira (9), na BR-415, no trecho de\u00a0Itabuna, no sul do estado.<\/p>\n<\/div>\n<\/div>\n<div class=\"wall protected-content\">\n<div id=\"chunk-8q1k5\">\n<div class=\"mc-column content-text active-extra-styles \" data-block-type=\"unstyled\" data-block-weight=\"43\" data-block-id=\"5\">\n<p class=\" content-text__container \" data-track-category=\"Link no Texto\" data-track-links=\"\" data-mrf-recirculation=\"Mat\u00e9ria - Links no Texto\">Segundo a Pol\u00edcia Civil, o motorista de um caminh\u00e3o perdeu o controle do ve\u00edculo e bateu de frente com o ve\u00edculo de carga do Grupo Petr\u00f3polis, onde estavam as tr\u00eas v\u00edtimas. Os homens n\u00e3o resistiram aos ferimentos e morreram ainda no local.<\/p>\n<\/div>\n<\/div>\n<div id=\"chunk-6v2gf\">\n<div class=\"mc-column content-text active-extra-styles \" data-block-type=\"unstyled\" data-block-weight=\"39\" data-block-id=\"6\">\n<p class=\" content-text__container \" data-track-category=\"Link no Texto\" data-track-links=\"\" data-mrf-recirculation=\"Mat\u00e9ria - Links no Texto\">Atrav\u00e9s de nota, o Grupo Petr\u00f3polis lamentou a morte dos funcion\u00e1rios. Eles foram identificados como\u00a0Pedro Enrique Alves dos Santos L\u00eddio,\u00a0de 21 anos,\u00a0Adnejar Almeida Santos Filho, de 49 anos, e\u00a0Jos\u00e9 Carlos Marques de Jesus, de 44.<\/p>\n<div id=\"chunk-e95kp\">\n<div class=\"mc-column content-text active-extra-styles \" data-block-type=\"unstyled\" data-block-weight=\"33\" data-block-id=\"9\">\n<p class=\" content-text__container \" data-track-category=\"Link no Texto\" data-track-links=\"\" data-mrf-recirculation=\"Mat\u00e9ria - Links no Texto\">O condutor do outro caminh\u00e3o realizou o teste do etil\u00f4metro, que mede o n\u00edvel de \u00e1lcool no sangue, e deu negativo. Al\u00e9m disso, ele permaneceu no local do acidente e prestou socorro.<\/p>\n<\/div>\n<\/div>\n<div id=\"chunk-6lhif\">\n<div class=\"mc-column content-text active-extra-styles \" data-block-type=\"unstyled\" data-block-weight=\"33\" data-block-id=\"10\">\n<p class=\" content-text__container \" data-track-category=\"Link no Texto\" data-track-links=\"\" data-mrf-recirculation=\"Mat\u00e9ria - Links no Texto\">O homem foi conduzido para delegacia de\u00a0Ilh\u00e9us, onde foi ouvido e liberado. Ele \u00e9 investigado por homic\u00eddio culposo na dire\u00e7\u00e3o de ve\u00edculo automotor, isto \u00e9, quando n\u00e3o h\u00e1 inten\u00e7\u00e3o de matar.<\/p>\n<div id=\"chunk-5vpl8\">\n<div class=\"mc-column content-text active-extra-styles \" data-block-type=\"unstyled\" data-block-weight=\"26\" data-block-id=\"14\">\n<p class=\" content-text__container \" data-track-category=\"Link no Texto\" data-track-links=\"\" data-mrf-recirculation=\"Mat\u00e9ria - Links no Texto\">Em virtude do acidente, diversos engradados de bebidas ficaram espalhados pela rodovia. Segundo a Pol\u00edcia Rodovi\u00e1ria Federal (PRF), o acidente aconteceu por volta das 11h40.<\/p>\n<\/div>\n<\/div>\n<div id=\"chunk-3h6dk\">\n<div class=\"mc-column content-text active-extra-styles \" data-block-type=\"unstyled\" data-block-weight=\"27\" data-block-id=\"15\">\n<p class=\" content-text__container \" data-track-category=\"Link no Texto\" data-track-links=\"\" data-mrf-recirculation=\"Mat\u00e9ria - Links no Texto\">O Departamento de Pol\u00edcia T\u00e9cnica (DPT) foi acionado para realizar per\u00edcia e encaminhar os corpos para o Instituto M\u00e9dico Legal (IML), onde devem passar por necropsia. (Com informa\u00e7\u00f5es do g1).<\/p>\n<\/div>\n<\/div>\n<\/div>\n<\/div>\n<div id=\"chunk-54dcn\">\n<div class=\"mc-column content-text active-extra-styles \" data-block-type=\"unstyled\" data-block-weight=\"3\" data-block-id=\"11\"><\/div>\n<\/div>\n<\/div>\n<\/div>\n<div id=\"chunk-6cauh\">\n<div class=\"content-ads content-ads--reveal\" data-block-type=\"ads\" data-block-id=\"7\"><\/div>\n<\/div>\n<div id=\"chunk-bnfo\">\n<div class=\"row medium-uncollapsed content-media content-photo\" data-block-type=\"backstage-photo\" data-block-id=\"8\">\n<div class=\" mc-column content-media__container\">\n<div class=\"content-media-container glb-skeleton-box\"><\/div>\n<\/div>\n<\/div>\n<\/div>\n<\/div>\n","protected":false},"excerpt":{"rendered":"<p>Tr\u00eas funcion\u00e1rios de uma cervejaria morreram ap\u00f3s um acidente entre dois caminh\u00f5es, nesta quarta-feira (9), na BR-415, no trecho de\u00a0Itabuna, no sul do estado. Segundo a Pol\u00edcia Civil, o motorista de um caminh\u00e3o perdeu o controle do ve\u00edculo e bateu de frente com o ve\u00edculo de carga do Grupo Petr\u00f3polis, onde estavam as tr\u00eas v\u00edtimas. Os homens n\u00e3o resistiram aos ferimentos e morreram ainda no local. Atrav\u00e9s de nota, o Grupo Petr\u00f3polis lamentou a morte dos funcion\u00e1rios. Eles foram identificados como\u00a0Pedro Enrique Alves dos Santos L\u00eddio,\u00a0de 21 anos,\u00a0Adnejar Almeida Santos Filho, de 49 anos, e\u00a0Jos\u00e9 Carlos Marques de Jesus, de [&hellip;]<\/p>\n","protected":false},"author":4,"featured_media":171340,"comment_status":"open","ping_status":"open","sticky":false,"template":"","format":"standard","meta":[],"categories":[306],"tags":[594,3310,1780,161,774],"_links":{"self":[{"href":"https:\/\/www.cronicasdeitarantim.com.br\/v1\/wp-json\/wp\/v2\/posts\/171339"}],"collection":[{"href":"https:\/\/www.cronicasdeitarantim.com.br\/v1\/wp-json\/wp\/v2\/posts"}],"about":[{"href":"https:\/\/www.cronicasdeitarantim.com.br\/v1\/wp-json\/wp\/v2\/types\/post"}],"author":[{"embeddable":true,"href":"https:\/\/www.cronicasdeitarantim.com.br\/v1\/wp-json\/wp\/v2\/users\/4"}],"replies":[{"embeddable":true,"href":"https:\/\/www.cronicasdeitarantim.com.br\/v1\/wp-json\/wp\/v2\/comments?post=171339"}],"version-history":[{"count":3,"href":"https:\/\/www.cronicasdeitarantim.com.br\/v1\/wp-json\/wp\/v2\/posts\/171339\/revisions"}],"predecessor-version":[{"id":171343,"href":"https:\/\/www.cronicasdeitarantim.com.br\/v1\/wp-json\/wp\/v2\/posts\/171339\/revisions\/171343"}],"wp:featuredmedia":[{"embeddable":true,"href":"https:\/\/www.cronicasdeitarantim.com.br\/v1\/wp-json\/wp\/v2\/media\/171340"}],"wp:attachment":[{"href":"https:\/\/www.cronicasdeitarantim.com.br\/v1\/wp-json\/wp\/v2\/media?parent=171339"}],"wp:term":[{"taxonomy":"category","embeddable":true,"href":"https:\/\/www.cronicasdeitarantim.com.br\/v1\/wp-json\/wp\/v2\/categories?post=171339"},{"taxonomy":"post_tag","embeddable":true,"href":"https:\/\/www.cronicasdeitarantim.com.br\/v1\/wp-json\/wp\/v2\/tags?post=171339"}],"curies":[{"name":"wp","href":"https:\/\/api.w.org\/{rel}","templated":true}]}}