{"id":171262,"date":"2025-04-06T14:38:26","date_gmt":"2025-04-06T17:38:26","guid":{"rendered":"https:\/\/www.cronicasdeitarantim.com.br\/v1\/?p=171262"},"modified":"2025-04-06T14:38:26","modified_gmt":"2025-04-06T17:38:26","slug":"grave-acidente-com-van-da-saude-da-prefeitura-de-jordania-foi-registrado-na-manha-deste-domingo","status":"publish","type":"post","link":"https:\/\/www.cronicasdeitarantim.com.br\/v1\/2025\/04\/06\/grave-acidente-com-van-da-saude-da-prefeitura-de-jordania-foi-registrado-na-manha-deste-domingo\/","title":{"rendered":"Grave acidente com van da sa\u00fade da Prefeitura de Jord\u00e2nia foi registrado na manh\u00e3 deste domingo"},"content":{"rendered":"<p>Um grave acidente ocorreu na manh\u00e3 deste domingo, 6 de abril, por volta das 05 horas, com uma van da Secretaria de Sa\u00fade da Prefeitura da cidade de Jord\u00e2nia, Minas Gerais. A van, que transportava pacientes para Belo Horizonte, colidiu com uma vaca na pista. Felizmente, segundo informa\u00e7\u00f5es, ningu\u00e9m que estava na van ficou ferido.<\/p>\n<p>Informa\u00e7\u00f5es passada ao site Cr\u00f4nicas de Itarantim, dizem que um vaqueiro estava atravessando o gado na pista quando ocorreu o acidente.<\/p>\n<p>O acidente aconteceu a aproximadamente 30 km de Jord\u00e2nia, em uma localidade conhecida como Hava\u00ed. Imagens que circulam nas redes sociais mostram pessoas retirando o couro da vaca e aproveitando a carne; n\u00e3o se sabe se essas pessoas eram o propriet\u00e1rio do animal ou transeuntes que estavam\u00a0por\u00a0ali.<\/p>\n<p>Ainda de acordo com informa\u00e7\u00f5es da Prefeitura, um outro carro foi mandado para levar os pacientes at\u00e9 a capital Belo Horizonte.<\/p>\n<p>Veja v\u00eddeos no link abaixo:<\/p>\n<p><a href=\"https:\/\/www.instagram.com\/p\/DIHQyw1OyvE\/?utm_source=ig_web_copy_link&amp;igsh=MzRlODBiNWFlZA==\">https:\/\/www.instagram.com\/p\/DIHQyw1OyvE\/?utm_source=ig_web_copy_link&amp;igsh=MzRlODBiNWFlZA==<\/a><\/p>\n","protected":false},"excerpt":{"rendered":"<p>Um grave acidente ocorreu na manh\u00e3 deste domingo, 6 de abril, por volta das 05 horas, com uma van da Secretaria de Sa\u00fade da Prefeitura da cidade de Jord\u00e2nia, Minas Gerais. A van, que transportava pacientes para Belo Horizonte, colidiu com uma vaca na pista. Felizmente, segundo informa\u00e7\u00f5es, ningu\u00e9m que estava na van ficou ferido. Informa\u00e7\u00f5es passada ao site Cr\u00f4nicas de Itarantim, dizem que um vaqueiro estava atravessando o gado na pista quando ocorreu o acidente. O acidente aconteceu a aproximadamente 30 km de Jord\u00e2nia, em uma localidade conhecida como Hava\u00ed. Imagens que circulam nas redes sociais mostram pessoas retirando [&hellip;]<\/p>\n","protected":false},"author":4,"featured_media":171263,"comment_status":"open","ping_status":"open","sticky":false,"template":"","format":"standard","meta":[],"categories":[306],"tags":[594,3310,1780,1105,913,2118],"_links":{"self":[{"href":"https:\/\/www.cronicasdeitarantim.com.br\/v1\/wp-json\/wp\/v2\/posts\/171262"}],"collection":[{"href":"https:\/\/www.cronicasdeitarantim.com.br\/v1\/wp-json\/wp\/v2\/posts"}],"about":[{"href":"https:\/\/www.cronicasdeitarantim.com.br\/v1\/wp-json\/wp\/v2\/types\/post"}],"author":[{"embeddable":true,"href":"https:\/\/www.cronicasdeitarantim.com.br\/v1\/wp-json\/wp\/v2\/users\/4"}],"replies":[{"embeddable":true,"href":"https:\/\/www.cronicasdeitarantim.com.br\/v1\/wp-json\/wp\/v2\/comments?post=171262"}],"version-history":[{"count":1,"href":"https:\/\/www.cronicasdeitarantim.com.br\/v1\/wp-json\/wp\/v2\/posts\/171262\/revisions"}],"predecessor-version":[{"id":171264,"href":"https:\/\/www.cronicasdeitarantim.com.br\/v1\/wp-json\/wp\/v2\/posts\/171262\/revisions\/171264"}],"wp:featuredmedia":[{"embeddable":true,"href":"https:\/\/www.cronicasdeitarantim.com.br\/v1\/wp-json\/wp\/v2\/media\/171263"}],"wp:attachment":[{"href":"https:\/\/www.cronicasdeitarantim.com.br\/v1\/wp-json\/wp\/v2\/media?parent=171262"}],"wp:term":[{"taxonomy":"category","embeddable":true,"href":"https:\/\/www.cronicasdeitarantim.com.br\/v1\/wp-json\/wp\/v2\/categories?post=171262"},{"taxonomy":"post_tag","embeddable":true,"href":"https:\/\/www.cronicasdeitarantim.com.br\/v1\/wp-json\/wp\/v2\/tags?post=171262"}],"curies":[{"name":"wp","href":"https:\/\/api.w.org\/{rel}","templated":true}]}}