{"id":171246,"date":"2025-04-04T19:08:51","date_gmt":"2025-04-04T22:08:51","guid":{"rendered":"https:\/\/www.cronicasdeitarantim.com.br\/v1\/?p=171246"},"modified":"2025-04-04T19:16:20","modified_gmt":"2025-04-04T22:16:20","slug":"a-nossa-coluna-fogo-no-parquinho-desta-sexta-feira-traz-a-professora-tia-dina-imortalizada-com-seu-nome-no-colegio","status":"publish","type":"post","link":"https:\/\/www.cronicasdeitarantim.com.br\/v1\/2025\/04\/04\/a-nossa-coluna-fogo-no-parquinho-desta-sexta-feira-traz-a-professora-tia-dina-imortalizada-com-seu-nome-no-colegio\/","title":{"rendered":"A nossa coluna &#8216;Fogo no Parquinho&#8217; desta sexta-feira traz a professora Tia Dina imortalizada com seu nome no col\u00e9gio"},"content":{"rendered":"<p>A hist\u00f3ria sempre encontrar\u00e1 uma forma de recompensar, retratar, valorizar e lembrar daqueles que um dia contribu\u00edram com o povo. Por mais que alguns insistem em fazer com que a hist\u00f3ria seja esquecida.<\/p>\n<p>Na nossa coluna de hoje, temos a obriga\u00e7\u00e3o hist\u00f3rica de falar sobre essa mulher: a professora Adin\u00e1lia Pereira de Ara\u00fajo, carinhosamente conhecida como Tia Dina, j\u00e1 falecida.<\/p>\n<p>Tia Dina agora ser\u00e1 o nome de um grande col\u00e9gio no munic\u00edpio. O col\u00e9gio de Tempo Integral que est\u00e1 sendo constru\u00eddo na BA-270, fruto da parceria entre o governo do Estado e o munic\u00edpio, ter\u00e1 o nome desta grande professora de Itarantim.<\/p>\n<h5><em>Antes de falarmos sobre Tia Dina, \u00e9 importante refletir sobre o nosso Brasil. Um pa\u00eds que passou por tr\u00eas momentos significativos em sua hist\u00f3ria: a coloniza\u00e7\u00e3o, o per\u00edodo da escravid\u00e3o e a ditadura militar. Esses tr\u00eas per\u00edodos contribu\u00edram de forma dr\u00e1stica na vida e na forma\u00e7\u00e3o do nosso povo, influenciando sua cultura, economia, educa\u00e7\u00e3o e sociedade em geral. Na \u00e9poca colonial, a luta era pela independ\u00eancia; durante a escravid\u00e3o, a batalha era pela liberdade. <\/em><\/h5>\n<h5><em>O povo n\u00e3o era escravo; eram escravizados que tiveram uma falsa liberdade com a chamada Lei \u00c1urea. Eles foram exclu\u00eddos do processo educacional, enquanto as escolas constru\u00eddas eram destinadas exclusivamente \u00e0s elites, aos filhos dos coron\u00e9is donos de engenhos de a\u00e7\u00facar e caf\u00e9.<\/em><\/h5>\n<h5><em>Por fim, vivemos um per\u00edodo sombrio sob a ditadura militar, onde a liberdade foi cerceada e muitas pessoas foram desaparecidas. A educa\u00e7\u00e3o era um privil\u00e9gio para poucos, e muitos tiveram que fugir do pa\u00eds para preservar suas vidas.<\/em><\/h5>\n<p><a href=\"https:\/\/www.cronicasdeitarantim.com.br\/v1\/wp-content\/uploads\/2025\/04\/488481472_2160722831011620_330053843635479676_n.jpg\"><img decoding=\"async\" loading=\"lazy\" class=\"wp-image-171251 alignleft\" src=\"https:\/\/www.cronicasdeitarantim.com.br\/v1\/wp-content\/uploads\/2025\/04\/488481472_2160722831011620_330053843635479676_n.jpg\" alt=\"\" width=\"311\" height=\"256\" srcset=\"https:\/\/www.cronicasdeitarantim.com.br\/v1\/wp-content\/uploads\/2025\/04\/488481472_2160722831011620_330053843635479676_n.jpg 640w, https:\/\/www.cronicasdeitarantim.com.br\/v1\/wp-content\/uploads\/2025\/04\/488481472_2160722831011620_330053843635479676_n-300x247.jpg 300w, https:\/\/www.cronicasdeitarantim.com.br\/v1\/wp-content\/uploads\/2025\/04\/488481472_2160722831011620_330053843635479676_n-400x329.jpg 400w\" sizes=\"(max-width: 311px) 100vw, 311px\" \/><\/a><\/p>\n<p>A professora Adin\u00e1lia nasceu em 1946, em Encruzilhada, no sudoeste baiano. Seus familiares viveram os tormentos da \u00e9poca p\u00f3s-guerra e ela com certeza foi impactada pelos momentos turbulentos da hist\u00f3ria do Brasil, especialmente pela ditadura de 1964 o golpe de Estado.<\/p>\n<p>Voc\u00ea deve estar se perguntando por que estou fazendo esse relato hist\u00f3rico. A verdade \u00e9 que nossa cultura e educa\u00e7\u00e3o elitizadas sempre priorizaram as elites brasileiras \u2014 os latifundi\u00e1rios e os detentores de grandes recursos \u2014 que geralmente s\u00e3o reconhecidos pela hist\u00f3ria. No entanto, \u00e9 preciso fazer justi\u00e7a e reconhecer aqueles que realmente contribu\u00edram para a constru\u00e7\u00e3o deste pa\u00eds.<\/p>\n<p>O nome do col\u00e9gio foi debatido na C\u00e2mara de Vereadores e cogitou-se homenagear o pai do prefeito da cidade. Contudo, uma portaria foi baixada pela Secretaria de Educa\u00e7\u00e3o do Estado com a decis\u00e3o de nomear o col\u00e9gio em homenagem \u00e0 professora Tia Dina. Esse reconhecimento hist\u00f3rico \u00e9 uma recupera\u00e7\u00e3o da mem\u00f3ria dessa educadora.<\/p>\n<p>Ap\u00f3s a divulga\u00e7\u00e3o dessa informa\u00e7\u00e3o, aqui mesmo neste ve\u00edculo de informa\u00e7\u00e3o, muitas pessoas comentaram positivamente nas redes sociais sobre a escolha do nome da professora. Isso demonstra a import\u00e2ncia dela no processo educacional do munic\u00edpio \u2014 uma figura que poderia ter sido esquecida, mas que agora recebe merecido reconhecimento.<\/p>\n<p>A hist\u00f3ria da professora Adin\u00e1lia \u00e9 inspiradora. Ela chegou ao munic\u00edpio ainda crian\u00e7a e estudou com outro professor not\u00e1vel no munic\u00edpio, Estev\u00e3o Ara\u00fajo. Muitos beberam da fonte do seu conhecimento ao longo dos anos. Seu nome no col\u00e9gio ser\u00e1 mais uma fonte de inspira\u00e7\u00e3o para todos \u2014 uma mulher educadora que enfrentou muitos desafios, acredito eu, em sua trajet\u00f3ria na educa\u00e7\u00e3o e dedicou sua vida ao ensino.<\/p>\n<p>Agora sim! Faltava esse reconhecimento eterno para Tia Dina: uma grande mulher cuja contribui\u00e7\u00e3o ser\u00e1 celebrada\u00a0para\u00a0sempre!<\/p>\n","protected":false},"excerpt":{"rendered":"<p>A hist\u00f3ria sempre encontrar\u00e1 uma forma de recompensar, retratar, valorizar e lembrar daqueles que um dia contribu\u00edram com o povo. Por mais que alguns insistem em fazer com que a hist\u00f3ria seja esquecida. Na nossa coluna de hoje, temos a obriga\u00e7\u00e3o hist\u00f3rica de falar sobre essa mulher: a professora Adin\u00e1lia Pereira de Ara\u00fajo, carinhosamente conhecida como Tia Dina, j\u00e1 falecida. Tia Dina agora ser\u00e1 o nome de um grande col\u00e9gio no munic\u00edpio. O col\u00e9gio de Tempo Integral que est\u00e1 sendo constru\u00eddo na BA-270, fruto da parceria entre o governo do Estado e o munic\u00edpio, ter\u00e1 o nome desta grande professora [&hellip;]<\/p>\n","protected":false},"author":4,"featured_media":171247,"comment_status":"open","ping_status":"open","sticky":false,"template":"","format":"standard","meta":[],"categories":[308],"tags":[3310,3259,488,1780,2671,431],"_links":{"self":[{"href":"https:\/\/www.cronicasdeitarantim.com.br\/v1\/wp-json\/wp\/v2\/posts\/171246"}],"collection":[{"href":"https:\/\/www.cronicasdeitarantim.com.br\/v1\/wp-json\/wp\/v2\/posts"}],"about":[{"href":"https:\/\/www.cronicasdeitarantim.com.br\/v1\/wp-json\/wp\/v2\/types\/post"}],"author":[{"embeddable":true,"href":"https:\/\/www.cronicasdeitarantim.com.br\/v1\/wp-json\/wp\/v2\/users\/4"}],"replies":[{"embeddable":true,"href":"https:\/\/www.cronicasdeitarantim.com.br\/v1\/wp-json\/wp\/v2\/comments?post=171246"}],"version-history":[{"count":4,"href":"https:\/\/www.cronicasdeitarantim.com.br\/v1\/wp-json\/wp\/v2\/posts\/171246\/revisions"}],"predecessor-version":[{"id":171252,"href":"https:\/\/www.cronicasdeitarantim.com.br\/v1\/wp-json\/wp\/v2\/posts\/171246\/revisions\/171252"}],"wp:featuredmedia":[{"embeddable":true,"href":"https:\/\/www.cronicasdeitarantim.com.br\/v1\/wp-json\/wp\/v2\/media\/171247"}],"wp:attachment":[{"href":"https:\/\/www.cronicasdeitarantim.com.br\/v1\/wp-json\/wp\/v2\/media?parent=171246"}],"wp:term":[{"taxonomy":"category","embeddable":true,"href":"https:\/\/www.cronicasdeitarantim.com.br\/v1\/wp-json\/wp\/v2\/categories?post=171246"},{"taxonomy":"post_tag","embeddable":true,"href":"https:\/\/www.cronicasdeitarantim.com.br\/v1\/wp-json\/wp\/v2\/tags?post=171246"}],"curies":[{"name":"wp","href":"https:\/\/api.w.org\/{rel}","templated":true}]}}