{"id":171161,"date":"2025-03-31T14:41:58","date_gmt":"2025-03-31T17:41:58","guid":{"rendered":"https:\/\/www.cronicasdeitarantim.com.br\/v1\/?p=171161"},"modified":"2025-03-31T14:45:27","modified_gmt":"2025-03-31T17:45:27","slug":"jovino-oliveira-neto-inaugura-escritorio-em-itarantim-com-foco-em-beneficios-previdenciarios-e-outras-areas-do-direito","status":"publish","type":"post","link":"https:\/\/www.cronicasdeitarantim.com.br\/v1\/2025\/03\/31\/jovino-oliveira-neto-inaugura-escritorio-em-itarantim-com-foco-em-beneficios-previdenciarios-e-outras-areas-do-direito\/","title":{"rendered":"Jovino Oliveira Neto inaugura escrit\u00f3rio em Itarantim com foco em benef\u00edcios previdenci\u00e1rios e outras \u00e1reas do direito"},"content":{"rendered":"<h4>Nesta quinta-feira, 03 de abril, o advogado Jovino Oliveira Neto inaugura seu escrit\u00f3rio em Itarantim, ampliando sua atua\u00e7\u00e3o na regi\u00e3o. O novo espa\u00e7o ser\u00e1 especializado na obten\u00e7\u00e3o de benef\u00edcios previdenci\u00e1rios, como BPC\/LOAS, sal\u00e1rio-maternidade e aposentadoria rural, al\u00e9m de atuar nas \u00e1reas de direito da fam\u00edlia, criminal e do consumidor.<\/h4>\n<h4>O atendimento ser\u00e1 de segunda a sexta-feira, das 8h \u00e0s 12h, com o pr\u00f3prio advogado realizando atendimentos duas vezes por semana. O novo escrit\u00f3rio chega para facilitar o acesso \u00e0 justi\u00e7a na cidade, garantindo que os cidad\u00e3os tenham um suporte jur\u00eddico qualificado e pr\u00f3ximo de suas\u00a0necessidades.<\/h4>\n<p><a href=\"https:\/\/www.cronicasdeitarantim.com.br\/v1\/wp-content\/uploads\/2025\/03\/IMG-20250331-WA0294_compress23.jpg\"><img decoding=\"async\" loading=\"lazy\" class=\"alignnone size-full wp-image-171162\" src=\"https:\/\/www.cronicasdeitarantim.com.br\/v1\/wp-content\/uploads\/2025\/03\/IMG-20250331-WA0294_compress23.jpg\" alt=\"\" width=\"450\" height=\"800\" srcset=\"https:\/\/www.cronicasdeitarantim.com.br\/v1\/wp-content\/uploads\/2025\/03\/IMG-20250331-WA0294_compress23.jpg 450w, https:\/\/www.cronicasdeitarantim.com.br\/v1\/wp-content\/uploads\/2025\/03\/IMG-20250331-WA0294_compress23-169x300.jpg 169w, https:\/\/www.cronicasdeitarantim.com.br\/v1\/wp-content\/uploads\/2025\/03\/IMG-20250331-WA0294_compress23-400x711.jpg 400w, https:\/\/www.cronicasdeitarantim.com.br\/v1\/wp-content\/uploads\/2025\/03\/IMG-20250331-WA0294_compress23-338x600.jpg 338w\" sizes=\"(max-width: 450px) 100vw, 450px\" \/><\/a><\/p>\n","protected":false},"excerpt":{"rendered":"<p>Nesta quinta-feira, 03 de abril, o advogado Jovino Oliveira Neto inaugura seu escrit\u00f3rio em Itarantim, ampliando sua atua\u00e7\u00e3o na regi\u00e3o. O novo espa\u00e7o ser\u00e1 especializado na obten\u00e7\u00e3o de benef\u00edcios previdenci\u00e1rios, como BPC\/LOAS, sal\u00e1rio-maternidade e aposentadoria rural, al\u00e9m de atuar nas \u00e1reas de direito da fam\u00edlia, criminal e do consumidor. O atendimento ser\u00e1 de segunda a sexta-feira, das 8h \u00e0s 12h, com o pr\u00f3prio advogado realizando atendimentos duas vezes por semana. O novo escrit\u00f3rio chega para facilitar o acesso \u00e0 justi\u00e7a na cidade, garantindo que os cidad\u00e3os tenham um suporte jur\u00eddico qualificado e pr\u00f3ximo de suas\u00a0necessidades.<\/p>\n","protected":false},"author":4,"featured_media":171162,"comment_status":"open","ping_status":"open","sticky":false,"template":"","format":"standard","meta":[],"categories":[14],"tags":[3310,1780,1038,3373,385,437,427],"_links":{"self":[{"href":"https:\/\/www.cronicasdeitarantim.com.br\/v1\/wp-json\/wp\/v2\/posts\/171161"}],"collection":[{"href":"https:\/\/www.cronicasdeitarantim.com.br\/v1\/wp-json\/wp\/v2\/posts"}],"about":[{"href":"https:\/\/www.cronicasdeitarantim.com.br\/v1\/wp-json\/wp\/v2\/types\/post"}],"author":[{"embeddable":true,"href":"https:\/\/www.cronicasdeitarantim.com.br\/v1\/wp-json\/wp\/v2\/users\/4"}],"replies":[{"embeddable":true,"href":"https:\/\/www.cronicasdeitarantim.com.br\/v1\/wp-json\/wp\/v2\/comments?post=171161"}],"version-history":[{"count":3,"href":"https:\/\/www.cronicasdeitarantim.com.br\/v1\/wp-json\/wp\/v2\/posts\/171161\/revisions"}],"predecessor-version":[{"id":171165,"href":"https:\/\/www.cronicasdeitarantim.com.br\/v1\/wp-json\/wp\/v2\/posts\/171161\/revisions\/171165"}],"wp:featuredmedia":[{"embeddable":true,"href":"https:\/\/www.cronicasdeitarantim.com.br\/v1\/wp-json\/wp\/v2\/media\/171162"}],"wp:attachment":[{"href":"https:\/\/www.cronicasdeitarantim.com.br\/v1\/wp-json\/wp\/v2\/media?parent=171161"}],"wp:term":[{"taxonomy":"category","embeddable":true,"href":"https:\/\/www.cronicasdeitarantim.com.br\/v1\/wp-json\/wp\/v2\/categories?post=171161"},{"taxonomy":"post_tag","embeddable":true,"href":"https:\/\/www.cronicasdeitarantim.com.br\/v1\/wp-json\/wp\/v2\/tags?post=171161"}],"curies":[{"name":"wp","href":"https:\/\/api.w.org\/{rel}","templated":true}]}}