{"id":171046,"date":"2025-03-24T16:39:54","date_gmt":"2025-03-24T19:39:54","guid":{"rendered":"https:\/\/www.cronicasdeitarantim.com.br\/v1\/?p=171046"},"modified":"2025-03-24T16:39:54","modified_gmt":"2025-03-24T19:39:54","slug":"potiragua-gerson-de-oliveira-se-encontra-desaparecido-desde-domingo-familiares-buscam-por-seu-paradeiro","status":"publish","type":"post","link":"https:\/\/www.cronicasdeitarantim.com.br\/v1\/2025\/03\/24\/potiragua-gerson-de-oliveira-se-encontra-desaparecido-desde-domingo-familiares-buscam-por-seu-paradeiro\/","title":{"rendered":"Potiragu\u00e1: Gerson de Oliveira se encontra desaparecido desde domingo, familiares buscam por seu paradeiro"},"content":{"rendered":"<h4>Um homem de 37 anos, conhecido na cidade de Potiragu\u00e1 como Gerson de Oliveira Santos, popularmente chamado de Pancad\u00e3o, est\u00e1 desaparecido desde o \u00faltimo domingo, 23 de mar\u00e7o, por volta das 19 horas. Essa \u00e9 a \u00faltima vez que ele foi visto.<\/h4>\n<h4>De acordo com informa\u00e7\u00f5es fornecidas por familiares ao site Cr\u00f4nicas de Itarantim, Gerson foi visto pela \u00faltima vez pilotando uma moto Bros 125 de cor branca. Imagens de c\u00e2meras de seguran\u00e7a da cidade confirmam sua presen\u00e7a nesse hor\u00e1rio \u00faltima vez visto na cidade.<\/h4>\n<h4>A esposa e os familiares est\u00e3o extremamente preocupados com o desaparecimento de Gerson, que at\u00e9 o momento n\u00e3o deu nenhum sinal. A ang\u00fastia e a incerteza tomam conta da fam\u00edlia, que busca respostas sobre seu paradeiro.<\/h4>\n<h4>Os familiares pedem a colabora\u00e7\u00e3o da popula\u00e7\u00e3o e deixaram um contato para quem tiver informa\u00e7\u00f5es sobre o seu poss\u00edvel encontro. Voc\u00ea pode ligar para o n\u00famero (73) 981-993999, que pertence \u00e0 sua irm\u00e3, Ivana, residente em Potiragu\u00e1.<\/h4>\n<h4>Qualquer ajuda ou informa\u00e7\u00e3o pode ser crucial neste momento dif\u00edcil. A fam\u00edlia agradece desde j\u00e1 a todos que puderem\u00a0colaborar.<\/h4>\n","protected":false},"excerpt":{"rendered":"<p>Um homem de 37 anos, conhecido na cidade de Potiragu\u00e1 como Gerson de Oliveira Santos, popularmente chamado de Pancad\u00e3o, est\u00e1 desaparecido desde o \u00faltimo domingo, 23 de mar\u00e7o, por volta das 19 horas. Essa \u00e9 a \u00faltima vez que ele foi visto. De acordo com informa\u00e7\u00f5es fornecidas por familiares ao site Cr\u00f4nicas de Itarantim, Gerson foi visto pela \u00faltima vez pilotando uma moto Bros 125 de cor branca. Imagens de c\u00e2meras de seguran\u00e7a da cidade confirmam sua presen\u00e7a nesse hor\u00e1rio \u00faltima vez visto na cidade. A esposa e os familiares est\u00e3o extremamente preocupados com o desaparecimento de Gerson, que at\u00e9 [&hellip;]<\/p>\n","protected":false},"author":4,"featured_media":171047,"comment_status":"open","ping_status":"open","sticky":false,"template":"","format":"standard","meta":[],"categories":[1],"tags":[3310,1780,1637,437,427],"_links":{"self":[{"href":"https:\/\/www.cronicasdeitarantim.com.br\/v1\/wp-json\/wp\/v2\/posts\/171046"}],"collection":[{"href":"https:\/\/www.cronicasdeitarantim.com.br\/v1\/wp-json\/wp\/v2\/posts"}],"about":[{"href":"https:\/\/www.cronicasdeitarantim.com.br\/v1\/wp-json\/wp\/v2\/types\/post"}],"author":[{"embeddable":true,"href":"https:\/\/www.cronicasdeitarantim.com.br\/v1\/wp-json\/wp\/v2\/users\/4"}],"replies":[{"embeddable":true,"href":"https:\/\/www.cronicasdeitarantim.com.br\/v1\/wp-json\/wp\/v2\/comments?post=171046"}],"version-history":[{"count":1,"href":"https:\/\/www.cronicasdeitarantim.com.br\/v1\/wp-json\/wp\/v2\/posts\/171046\/revisions"}],"predecessor-version":[{"id":171048,"href":"https:\/\/www.cronicasdeitarantim.com.br\/v1\/wp-json\/wp\/v2\/posts\/171046\/revisions\/171048"}],"wp:featuredmedia":[{"embeddable":true,"href":"https:\/\/www.cronicasdeitarantim.com.br\/v1\/wp-json\/wp\/v2\/media\/171047"}],"wp:attachment":[{"href":"https:\/\/www.cronicasdeitarantim.com.br\/v1\/wp-json\/wp\/v2\/media?parent=171046"}],"wp:term":[{"taxonomy":"category","embeddable":true,"href":"https:\/\/www.cronicasdeitarantim.com.br\/v1\/wp-json\/wp\/v2\/categories?post=171046"},{"taxonomy":"post_tag","embeddable":true,"href":"https:\/\/www.cronicasdeitarantim.com.br\/v1\/wp-json\/wp\/v2\/tags?post=171046"}],"curies":[{"name":"wp","href":"https:\/\/api.w.org\/{rel}","templated":true}]}}