{"id":170928,"date":"2025-03-19T10:51:58","date_gmt":"2025-03-19T13:51:58","guid":{"rendered":"https:\/\/www.cronicasdeitarantim.com.br\/v1\/?p=170928"},"modified":"2025-03-19T10:51:58","modified_gmt":"2025-03-19T13:51:58","slug":"jogador-de-futebol-tico-baiano-foi-preso-acusado-de-estupro-em-feira-de-santana","status":"publish","type":"post","link":"https:\/\/www.cronicasdeitarantim.com.br\/v1\/2025\/03\/19\/jogador-de-futebol-tico-baiano-foi-preso-acusado-de-estupro-em-feira-de-santana\/","title":{"rendered":"Jogador de futebol &#8216;Tico Baiano&#8217; foi preso acusado de estupro em Feira de Santana"},"content":{"rendered":"<h4>Um jogador de futebol identificado pelo nome de Carlos Eduardo Bastos, de 25 anos, mais conhecido como Tico Baiano, foi preso nesta ter\u00e7a-feira, 18 de mar\u00e7o, na cidade de Feira de Santana, acusado de estupro, assalto e extors\u00e3o contra 11 mulheres na cidade.<\/h4>\n<h4>De acordo com a investiga\u00e7\u00e3o da pol\u00edcia, as v\u00edtimas tinham idades entre 18 e 43 anos e come\u00e7aram a denunciar os crimes ainda no ano de 2024. Tico Baiano jogou em times como Fluminense de Feira, Bahia de Feira e Barcelona de Ilh\u00e9us, e recentemente estava jogando no time do CRAC, que disputou o Campeonato\u00a0Goiano\u00a0em\u00a02025.<\/h4>\n","protected":false},"excerpt":{"rendered":"<p>Um jogador de futebol identificado pelo nome de Carlos Eduardo Bastos, de 25 anos, mais conhecido como Tico Baiano, foi preso nesta ter\u00e7a-feira, 18 de mar\u00e7o, na cidade de Feira de Santana, acusado de estupro, assalto e extors\u00e3o contra 11 mulheres na cidade. De acordo com a investiga\u00e7\u00e3o da pol\u00edcia, as v\u00edtimas tinham idades entre 18 e 43 anos e come\u00e7aram a denunciar os crimes ainda no ano de 2024. Tico Baiano jogou em times como Fluminense de Feira, Bahia de Feira e Barcelona de Ilh\u00e9us, e recentemente estava jogando no time do CRAC, que disputou o Campeonato\u00a0Goiano\u00a0em\u00a02025.<\/p>\n","protected":false},"author":4,"featured_media":170929,"comment_status":"open","ping_status":"open","sticky":false,"template":"","format":"standard","meta":[],"categories":[306],"tags":[3310,766,1780,449,642,434],"_links":{"self":[{"href":"https:\/\/www.cronicasdeitarantim.com.br\/v1\/wp-json\/wp\/v2\/posts\/170928"}],"collection":[{"href":"https:\/\/www.cronicasdeitarantim.com.br\/v1\/wp-json\/wp\/v2\/posts"}],"about":[{"href":"https:\/\/www.cronicasdeitarantim.com.br\/v1\/wp-json\/wp\/v2\/types\/post"}],"author":[{"embeddable":true,"href":"https:\/\/www.cronicasdeitarantim.com.br\/v1\/wp-json\/wp\/v2\/users\/4"}],"replies":[{"embeddable":true,"href":"https:\/\/www.cronicasdeitarantim.com.br\/v1\/wp-json\/wp\/v2\/comments?post=170928"}],"version-history":[{"count":1,"href":"https:\/\/www.cronicasdeitarantim.com.br\/v1\/wp-json\/wp\/v2\/posts\/170928\/revisions"}],"predecessor-version":[{"id":170930,"href":"https:\/\/www.cronicasdeitarantim.com.br\/v1\/wp-json\/wp\/v2\/posts\/170928\/revisions\/170930"}],"wp:featuredmedia":[{"embeddable":true,"href":"https:\/\/www.cronicasdeitarantim.com.br\/v1\/wp-json\/wp\/v2\/media\/170929"}],"wp:attachment":[{"href":"https:\/\/www.cronicasdeitarantim.com.br\/v1\/wp-json\/wp\/v2\/media?parent=170928"}],"wp:term":[{"taxonomy":"category","embeddable":true,"href":"https:\/\/www.cronicasdeitarantim.com.br\/v1\/wp-json\/wp\/v2\/categories?post=170928"},{"taxonomy":"post_tag","embeddable":true,"href":"https:\/\/www.cronicasdeitarantim.com.br\/v1\/wp-json\/wp\/v2\/tags?post=170928"}],"curies":[{"name":"wp","href":"https:\/\/api.w.org\/{rel}","templated":true}]}}