{"id":170787,"date":"2025-03-12T15:19:59","date_gmt":"2025-03-12T18:19:59","guid":{"rendered":"https:\/\/www.cronicasdeitarantim.com.br\/v1\/?p=170787"},"modified":"2025-03-12T15:24:21","modified_gmt":"2025-03-12T18:24:21","slug":"em-sessao-realizada-nesta-quarta-feira-vereadores-debatem-proibicao-de-abate-de-porcos-e-saude-publica","status":"publish","type":"post","link":"https:\/\/www.cronicasdeitarantim.com.br\/v1\/2025\/03\/12\/em-sessao-realizada-nesta-quarta-feira-vereadores-debatem-proibicao-de-abate-de-porcos-e-saude-publica\/","title":{"rendered":"Em sess\u00e3o realizada nesta quarta-feira vereadores debatem proibi\u00e7\u00e3o de abate de porcos e sa\u00fade p\u00fablica"},"content":{"rendered":"<h4>Os vereadores de Itarantim se reuniram na manh\u00e3 desta quarta-feira, 12 de mar\u00e7o, em sess\u00e3o ordin\u00e1ria da C\u00e2mara de Vereadores para cumprimentos parlamentares de seus servi\u00e7os. A sess\u00e3o foi transferida para esta quarta-feira em raz\u00e3o do falecimento do ex-vereador Seu Arlindo Pereira.<\/h4>\n<h4>Todos os vereadores estiveram presentes na sess\u00e3o, e alguns assuntos foram discutidos, como indica\u00e7\u00f5es dos pr\u00f3prios vereadores e um projeto de lei do Executivo que foi enviado \u00e0 Casa para aprecia\u00e7\u00e3o.<\/h4>\n<h4>Um dos assuntos que chamou a aten\u00e7\u00e3o e foi debatido entre os vereadores, especialmente o presidente da C\u00e2mara, vereador Dudu dos Tutas, o l\u00edder do governo, Serginho, e o vereador Zeza Gigante, foi a proibi\u00e7\u00e3o do abate de porcos que estava ocorrendo no antigo matadouro localizado no bairro Senhor do Bonfim.<\/h4>\n<h4>A matan\u00e7a de porcos est\u00e1 proibida nessa localidade devido a den\u00fancias da comunidade, que afirmava que a atividade estava afetando o local e causando transtorno aos moradores daquela regi\u00e3o. A ADAB, juntamente com a Vigil\u00e2ncia Sanit\u00e1ria e o Minist\u00e9rio P\u00fablico, proibiu o abate desses animais no local.<\/h4>\n<h4>Para o vereador Zeza Gigante, \u00e9 importante que o poder p\u00fablico n\u00e3o deixe os criadores de porcos desassistidos e que haja um lugar onde eles possam realizar o abate dos seus animais para a venda da carne.<\/h4>\n<h4>O vereador Dudu, presidente da C\u00e2mara, foi mais enf\u00e1tico e fez cr\u00edticas \u00e0 decis\u00e3o do Minist\u00e9rio P\u00fablico, que anteriormente j\u00e1 havia proibido o matadouro naquela regi\u00e3o. Ele afirmou que logo ap\u00f3s a proibi\u00e7\u00e3o do Minist\u00e9rio P\u00fablico, muitas pessoas come\u00e7aram a realizar o abate clandestino de gado em torno de Itarantim.<\/h4>\n<h4>De acordo com o vereador presidente, com a proibi\u00e7\u00e3o, os propriet\u00e1rios desses animais deixar\u00e3o de abater mais de 50 porcos, o que, segundo ele, resultar\u00e1 no desemprego de mais de 100 pessoas que estavam diretamente envolvidas com seus su\u00ednos.<\/h4>\n<h4>Outro assunto debatido entre os vereadores foi sobre o cemit\u00e9rio da cidade, que se encontra com o muro ca\u00eddo e uma parte do terreno ainda em fase de constru\u00e7\u00e3o, a qual at\u00e9 o momento n\u00e3o foi entregue pela Prefeitura.<\/h4>\n<h4>O projeto do Executivo para aprecia\u00e7\u00e3o dos vereadores tratava sobre o cons\u00f3rcio de sa\u00fade p\u00fablica federativo da Bahia, que prev\u00ea a participa\u00e7\u00e3o dos munic\u00edpios nas policl\u00ednicas regionais. Itarantim \u00e9 atendida na policl\u00ednica regional em Vit\u00f3ria da Conquista e a Prefeitura Municipal tem participa\u00e7\u00e3o direta nesse contexto; por isso, a aprecia\u00e7\u00e3o dos vereadores foi un\u00e2nime e sem discuss\u00f5es no voto.<\/h4>\n<p><a href=\"https:\/\/www.cronicasdeitarantim.com.br\/v1\/wp-content\/uploads\/2025\/03\/IMG_20250312_105034_compress26.jpg\"><img decoding=\"async\" loading=\"lazy\" class=\"alignnone size-full wp-image-170786\" src=\"https:\/\/www.cronicasdeitarantim.com.br\/v1\/wp-content\/uploads\/2025\/03\/IMG_20250312_105034_compress26.jpg\" alt=\"\" width=\"730\" height=\"337\" srcset=\"https:\/\/www.cronicasdeitarantim.com.br\/v1\/wp-content\/uploads\/2025\/03\/IMG_20250312_105034_compress26.jpg 730w, https:\/\/www.cronicasdeitarantim.com.br\/v1\/wp-content\/uploads\/2025\/03\/IMG_20250312_105034_compress26-300x138.jpg 300w, https:\/\/www.cronicasdeitarantim.com.br\/v1\/wp-content\/uploads\/2025\/03\/IMG_20250312_105034_compress26-400x185.jpg 400w\" sizes=\"(max-width: 730px) 100vw, 730px\" \/><\/a> <a href=\"https:\/\/www.cronicasdeitarantim.com.br\/v1\/wp-content\/uploads\/2025\/03\/IMG_20250312_091312_compress7.jpg\"><img decoding=\"async\" loading=\"lazy\" class=\"alignnone size-full wp-image-170784\" src=\"https:\/\/www.cronicasdeitarantim.com.br\/v1\/wp-content\/uploads\/2025\/03\/IMG_20250312_091312_compress7.jpg\" alt=\"\" width=\"730\" height=\"337\" srcset=\"https:\/\/www.cronicasdeitarantim.com.br\/v1\/wp-content\/uploads\/2025\/03\/IMG_20250312_091312_compress7.jpg 730w, https:\/\/www.cronicasdeitarantim.com.br\/v1\/wp-content\/uploads\/2025\/03\/IMG_20250312_091312_compress7-300x138.jpg 300w, https:\/\/www.cronicasdeitarantim.com.br\/v1\/wp-content\/uploads\/2025\/03\/IMG_20250312_091312_compress7-400x185.jpg 400w\" sizes=\"(max-width: 730px) 100vw, 730px\" \/><\/a> <a href=\"https:\/\/www.cronicasdeitarantim.com.br\/v1\/wp-content\/uploads\/2025\/03\/IMG_20250312_091416_compress36.jpg\"><img decoding=\"async\" loading=\"lazy\" class=\"alignnone size-full wp-image-170783\" src=\"https:\/\/www.cronicasdeitarantim.com.br\/v1\/wp-content\/uploads\/2025\/03\/IMG_20250312_091416_compress36.jpg\" alt=\"\" width=\"730\" height=\"337\" srcset=\"https:\/\/www.cronicasdeitarantim.com.br\/v1\/wp-content\/uploads\/2025\/03\/IMG_20250312_091416_compress36.jpg 730w, https:\/\/www.cronicasdeitarantim.com.br\/v1\/wp-content\/uploads\/2025\/03\/IMG_20250312_091416_compress36-300x138.jpg 300w, https:\/\/www.cronicasdeitarantim.com.br\/v1\/wp-content\/uploads\/2025\/03\/IMG_20250312_091416_compress36-400x185.jpg 400w\" sizes=\"(max-width: 730px) 100vw, 730px\" \/><\/a> <a href=\"https:\/\/www.cronicasdeitarantim.com.br\/v1\/wp-content\/uploads\/2025\/03\/IMG_20250312_091330_compress57.jpg\"><img decoding=\"async\" loading=\"lazy\" class=\"alignnone size-full wp-image-170782\" src=\"https:\/\/www.cronicasdeitarantim.com.br\/v1\/wp-content\/uploads\/2025\/03\/IMG_20250312_091330_compress57.jpg\" alt=\"\" width=\"730\" height=\"337\" srcset=\"https:\/\/www.cronicasdeitarantim.com.br\/v1\/wp-content\/uploads\/2025\/03\/IMG_20250312_091330_compress57.jpg 730w, https:\/\/www.cronicasdeitarantim.com.br\/v1\/wp-content\/uploads\/2025\/03\/IMG_20250312_091330_compress57-300x138.jpg 300w, https:\/\/www.cronicasdeitarantim.com.br\/v1\/wp-content\/uploads\/2025\/03\/IMG_20250312_091330_compress57-400x185.jpg 400w\" sizes=\"(max-width: 730px) 100vw, 730px\" \/><\/a> <a href=\"https:\/\/www.cronicasdeitarantim.com.br\/v1\/wp-content\/uploads\/2025\/03\/IMG_20250312_091316_compress39.jpg\"><img decoding=\"async\" loading=\"lazy\" class=\"alignnone size-full wp-image-170780\" src=\"https:\/\/www.cronicasdeitarantim.com.br\/v1\/wp-content\/uploads\/2025\/03\/IMG_20250312_091316_compress39.jpg\" alt=\"\" width=\"730\" height=\"337\" srcset=\"https:\/\/www.cronicasdeitarantim.com.br\/v1\/wp-content\/uploads\/2025\/03\/IMG_20250312_091316_compress39.jpg 730w, https:\/\/www.cronicasdeitarantim.com.br\/v1\/wp-content\/uploads\/2025\/03\/IMG_20250312_091316_compress39-300x138.jpg 300w, https:\/\/www.cronicasdeitarantim.com.br\/v1\/wp-content\/uploads\/2025\/03\/IMG_20250312_091316_compress39-400x185.jpg 400w\" sizes=\"(max-width: 730px) 100vw, 730px\" \/><\/a> <a href=\"https:\/\/www.cronicasdeitarantim.com.br\/v1\/wp-content\/uploads\/2025\/03\/IMG_20250312_090328_compress63.jpg\"><img decoding=\"async\" loading=\"lazy\" class=\"alignnone size-full wp-image-170779\" src=\"https:\/\/www.cronicasdeitarantim.com.br\/v1\/wp-content\/uploads\/2025\/03\/IMG_20250312_090328_compress63.jpg\" alt=\"\" width=\"730\" height=\"337\" srcset=\"https:\/\/www.cronicasdeitarantim.com.br\/v1\/wp-content\/uploads\/2025\/03\/IMG_20250312_090328_compress63.jpg 730w, https:\/\/www.cronicasdeitarantim.com.br\/v1\/wp-content\/uploads\/2025\/03\/IMG_20250312_090328_compress63-300x138.jpg 300w, https:\/\/www.cronicasdeitarantim.com.br\/v1\/wp-content\/uploads\/2025\/03\/IMG_20250312_090328_compress63-400x185.jpg 400w\" sizes=\"(max-width: 730px) 100vw, 730px\" \/><\/a> <a href=\"https:\/\/www.cronicasdeitarantim.com.br\/v1\/wp-content\/uploads\/2025\/03\/IMG_20250312_091306_compress56.jpg\"><img decoding=\"async\" loading=\"lazy\" class=\"alignnone size-full wp-image-170778\" src=\"https:\/\/www.cronicasdeitarantim.com.br\/v1\/wp-content\/uploads\/2025\/03\/IMG_20250312_091306_compress56.jpg\" alt=\"\" width=\"730\" height=\"337\" srcset=\"https:\/\/www.cronicasdeitarantim.com.br\/v1\/wp-content\/uploads\/2025\/03\/IMG_20250312_091306_compress56.jpg 730w, https:\/\/www.cronicasdeitarantim.com.br\/v1\/wp-content\/uploads\/2025\/03\/IMG_20250312_091306_compress56-300x138.jpg 300w, https:\/\/www.cronicasdeitarantim.com.br\/v1\/wp-content\/uploads\/2025\/03\/IMG_20250312_091306_compress56-400x185.jpg 400w\" sizes=\"(max-width: 730px) 100vw, 730px\" \/><\/a> <a href=\"https:\/\/www.cronicasdeitarantim.com.br\/v1\/wp-content\/uploads\/2025\/03\/IMG_20250312_083003_compress45.jpg\"><img decoding=\"async\" loading=\"lazy\" class=\"alignnone size-full wp-image-170777\" src=\"https:\/\/www.cronicasdeitarantim.com.br\/v1\/wp-content\/uploads\/2025\/03\/IMG_20250312_083003_compress45.jpg\" alt=\"\" width=\"730\" height=\"337\" srcset=\"https:\/\/www.cronicasdeitarantim.com.br\/v1\/wp-content\/uploads\/2025\/03\/IMG_20250312_083003_compress45.jpg 730w, https:\/\/www.cronicasdeitarantim.com.br\/v1\/wp-content\/uploads\/2025\/03\/IMG_20250312_083003_compress45-300x138.jpg 300w, https:\/\/www.cronicasdeitarantim.com.br\/v1\/wp-content\/uploads\/2025\/03\/IMG_20250312_083003_compress45-400x185.jpg 400w\" sizes=\"(max-width: 730px) 100vw, 730px\" \/><\/a> <a href=\"https:\/\/www.cronicasdeitarantim.com.br\/v1\/wp-content\/uploads\/2025\/03\/IMG_20250312_083003_compress80.jpg\"><img decoding=\"async\" loading=\"lazy\" class=\"alignnone size-full wp-image-170771\" src=\"https:\/\/www.cronicasdeitarantim.com.br\/v1\/wp-content\/uploads\/2025\/03\/IMG_20250312_083003_compress80.jpg\" alt=\"\" width=\"730\" height=\"337\" srcset=\"https:\/\/www.cronicasdeitarantim.com.br\/v1\/wp-content\/uploads\/2025\/03\/IMG_20250312_083003_compress80.jpg 730w, https:\/\/www.cronicasdeitarantim.com.br\/v1\/wp-content\/uploads\/2025\/03\/IMG_20250312_083003_compress80-300x138.jpg 300w, https:\/\/www.cronicasdeitarantim.com.br\/v1\/wp-content\/uploads\/2025\/03\/IMG_20250312_083003_compress80-400x185.jpg 400w\" sizes=\"(max-width: 730px) 100vw, 730px\" \/><\/a> <a href=\"https:\/\/www.cronicasdeitarantim.com.br\/v1\/wp-content\/uploads\/2025\/03\/IMG_20250312_102200_compress12.jpg\"><img decoding=\"async\" loading=\"lazy\" class=\"alignnone size-full wp-image-170785\" src=\"https:\/\/www.cronicasdeitarantim.com.br\/v1\/wp-content\/uploads\/2025\/03\/IMG_20250312_102200_compress12.jpg\" alt=\"\" width=\"730\" height=\"337\" srcset=\"https:\/\/www.cronicasdeitarantim.com.br\/v1\/wp-content\/uploads\/2025\/03\/IMG_20250312_102200_compress12.jpg 730w, https:\/\/www.cronicasdeitarantim.com.br\/v1\/wp-content\/uploads\/2025\/03\/IMG_20250312_102200_compress12-300x138.jpg 300w, https:\/\/www.cronicasdeitarantim.com.br\/v1\/wp-content\/uploads\/2025\/03\/IMG_20250312_102200_compress12-400x185.jpg 400w\" sizes=\"(max-width: 730px) 100vw, 730px\" \/><\/a> <a href=\"https:\/\/www.cronicasdeitarantim.com.br\/v1\/wp-content\/uploads\/2025\/03\/IMG_20250312_094406_compress20.jpg\"><img decoding=\"async\" loading=\"lazy\" class=\"alignnone size-full wp-image-170781\" src=\"https:\/\/www.cronicasdeitarantim.com.br\/v1\/wp-content\/uploads\/2025\/03\/IMG_20250312_094406_compress20.jpg\" alt=\"\" width=\"730\" height=\"337\" srcset=\"https:\/\/www.cronicasdeitarantim.com.br\/v1\/wp-content\/uploads\/2025\/03\/IMG_20250312_094406_compress20.jpg 730w, https:\/\/www.cronicasdeitarantim.com.br\/v1\/wp-content\/uploads\/2025\/03\/IMG_20250312_094406_compress20-300x138.jpg 300w, https:\/\/www.cronicasdeitarantim.com.br\/v1\/wp-content\/uploads\/2025\/03\/IMG_20250312_094406_compress20-400x185.jpg 400w\" sizes=\"(max-width: 730px) 100vw, 730px\" \/><\/a><\/p>\n","protected":false},"excerpt":{"rendered":"<p>Os vereadores de Itarantim se reuniram na manh\u00e3 desta quarta-feira, 12 de mar\u00e7o, em sess\u00e3o ordin\u00e1ria da C\u00e2mara de Vereadores para cumprimentos parlamentares de seus servi\u00e7os. A sess\u00e3o foi transferida para esta quarta-feira em raz\u00e3o do falecimento do ex-vereador Seu Arlindo Pereira. Todos os vereadores estiveram presentes na sess\u00e3o, e alguns assuntos foram discutidos, como indica\u00e7\u00f5es dos pr\u00f3prios vereadores e um projeto de lei do Executivo que foi enviado \u00e0 Casa para aprecia\u00e7\u00e3o. Um dos assuntos que chamou a aten\u00e7\u00e3o e foi debatido entre os vereadores, especialmente o presidente da C\u00e2mara, vereador Dudu dos Tutas, o l\u00edder do governo, Serginho, [&hellip;]<\/p>\n","protected":false},"author":4,"featured_media":170786,"comment_status":"open","ping_status":"open","sticky":false,"template":"","format":"standard","meta":[],"categories":[304],"tags":[3310,356,1780,1755],"_links":{"self":[{"href":"https:\/\/www.cronicasdeitarantim.com.br\/v1\/wp-json\/wp\/v2\/posts\/170787"}],"collection":[{"href":"https:\/\/www.cronicasdeitarantim.com.br\/v1\/wp-json\/wp\/v2\/posts"}],"about":[{"href":"https:\/\/www.cronicasdeitarantim.com.br\/v1\/wp-json\/wp\/v2\/types\/post"}],"author":[{"embeddable":true,"href":"https:\/\/www.cronicasdeitarantim.com.br\/v1\/wp-json\/wp\/v2\/users\/4"}],"replies":[{"embeddable":true,"href":"https:\/\/www.cronicasdeitarantim.com.br\/v1\/wp-json\/wp\/v2\/comments?post=170787"}],"version-history":[{"count":3,"href":"https:\/\/www.cronicasdeitarantim.com.br\/v1\/wp-json\/wp\/v2\/posts\/170787\/revisions"}],"predecessor-version":[{"id":170790,"href":"https:\/\/www.cronicasdeitarantim.com.br\/v1\/wp-json\/wp\/v2\/posts\/170787\/revisions\/170790"}],"wp:featuredmedia":[{"embeddable":true,"href":"https:\/\/www.cronicasdeitarantim.com.br\/v1\/wp-json\/wp\/v2\/media\/170786"}],"wp:attachment":[{"href":"https:\/\/www.cronicasdeitarantim.com.br\/v1\/wp-json\/wp\/v2\/media?parent=170787"}],"wp:term":[{"taxonomy":"category","embeddable":true,"href":"https:\/\/www.cronicasdeitarantim.com.br\/v1\/wp-json\/wp\/v2\/categories?post=170787"},{"taxonomy":"post_tag","embeddable":true,"href":"https:\/\/www.cronicasdeitarantim.com.br\/v1\/wp-json\/wp\/v2\/tags?post=170787"}],"curies":[{"name":"wp","href":"https:\/\/api.w.org\/{rel}","templated":true}]}}