{"id":170696,"date":"2025-03-07T16:32:27","date_gmt":"2025-03-07T19:32:27","guid":{"rendered":"https:\/\/www.cronicasdeitarantim.com.br\/v1\/?p=170696"},"modified":"2025-03-07T16:32:27","modified_gmt":"2025-03-07T19:32:27","slug":"dudu-dos-tutas-e-eleito-diretor-da-uniao-dos-vereadores-da-bahia-em-evento-de-presidentes-de-camaras","status":"publish","type":"post","link":"https:\/\/www.cronicasdeitarantim.com.br\/v1\/2025\/03\/07\/dudu-dos-tutas-e-eleito-diretor-da-uniao-dos-vereadores-da-bahia-em-evento-de-presidentes-de-camaras\/","title":{"rendered":"Dudu dos Tutas \u00e9 eleito diretor da Uni\u00e3o dos Vereadores da Bahia em evento de presidentes de C\u00e2maras"},"content":{"rendered":"<h4>O presidente da C\u00e2mara de Vereadores da cidade de Itarantim, no m\u00e9dio sudoeste da Bahia, Dudu dos Tutas PSD) foi eleito diretor da Uni\u00e3o dos Vereadores do Estado da Bahia (UVB). A elei\u00e7\u00e3o ocorreu durante o Primeiro Encontro de Presidentes de C\u00e2maras, realizado nesta sexta-feira, 7 de mar\u00e7o, em Vit\u00f3ria da Conquista.<\/h4>\n<h4>Dudu se torna o mais novo diretor da entidade desde a sua funda\u00e7\u00e3o. Ele foi um dos principais organizadores do evento, que contou com a participa\u00e7\u00e3o de diversos presidentes de C\u00e2maras da Bahia, al\u00e9m da presen\u00e7a da prefeita de Vit\u00f3ria da Conquista, Sheila Lemos.<\/h4>\n<h4>Em contato com a reda\u00e7\u00e3o do site Cr\u00f4nicas de Itarantim, Dudu afirmou que o objetivo do evento era fortalecer o di\u00e1logo entre os presidentes de C\u00e2maras e consolidar a entidade para um melhor relacionamento com o governo do estado, visando reivindicar pol\u00edticas p\u00fablicas que beneficiem suas regi\u00f5es.<\/h4>\n","protected":false},"excerpt":{"rendered":"<p>O presidente da C\u00e2mara de Vereadores da cidade de Itarantim, no m\u00e9dio sudoeste da Bahia, Dudu dos Tutas PSD) foi eleito diretor da Uni\u00e3o dos Vereadores do Estado da Bahia (UVB). A elei\u00e7\u00e3o ocorreu durante o Primeiro Encontro de Presidentes de C\u00e2maras, realizado nesta sexta-feira, 7 de mar\u00e7o, em Vit\u00f3ria da Conquista. Dudu se torna o mais novo diretor da entidade desde a sua funda\u00e7\u00e3o. Ele foi um dos principais organizadores do evento, que contou com a participa\u00e7\u00e3o de diversos presidentes de C\u00e2maras da Bahia, al\u00e9m da presen\u00e7a da prefeita de Vit\u00f3ria da Conquista, Sheila Lemos. Em contato com a [&hellip;]<\/p>\n","protected":false},"author":4,"featured_media":170697,"comment_status":"open","ping_status":"open","sticky":false,"template":"","format":"standard","meta":[],"categories":[304],"tags":[3310,3348,1780,1271,806],"_links":{"self":[{"href":"https:\/\/www.cronicasdeitarantim.com.br\/v1\/wp-json\/wp\/v2\/posts\/170696"}],"collection":[{"href":"https:\/\/www.cronicasdeitarantim.com.br\/v1\/wp-json\/wp\/v2\/posts"}],"about":[{"href":"https:\/\/www.cronicasdeitarantim.com.br\/v1\/wp-json\/wp\/v2\/types\/post"}],"author":[{"embeddable":true,"href":"https:\/\/www.cronicasdeitarantim.com.br\/v1\/wp-json\/wp\/v2\/users\/4"}],"replies":[{"embeddable":true,"href":"https:\/\/www.cronicasdeitarantim.com.br\/v1\/wp-json\/wp\/v2\/comments?post=170696"}],"version-history":[{"count":1,"href":"https:\/\/www.cronicasdeitarantim.com.br\/v1\/wp-json\/wp\/v2\/posts\/170696\/revisions"}],"predecessor-version":[{"id":170698,"href":"https:\/\/www.cronicasdeitarantim.com.br\/v1\/wp-json\/wp\/v2\/posts\/170696\/revisions\/170698"}],"wp:featuredmedia":[{"embeddable":true,"href":"https:\/\/www.cronicasdeitarantim.com.br\/v1\/wp-json\/wp\/v2\/media\/170697"}],"wp:attachment":[{"href":"https:\/\/www.cronicasdeitarantim.com.br\/v1\/wp-json\/wp\/v2\/media?parent=170696"}],"wp:term":[{"taxonomy":"category","embeddable":true,"href":"https:\/\/www.cronicasdeitarantim.com.br\/v1\/wp-json\/wp\/v2\/categories?post=170696"},{"taxonomy":"post_tag","embeddable":true,"href":"https:\/\/www.cronicasdeitarantim.com.br\/v1\/wp-json\/wp\/v2\/tags?post=170696"}],"curies":[{"name":"wp","href":"https:\/\/api.w.org\/{rel}","templated":true}]}}