{"id":170571,"date":"2025-02-28T14:19:36","date_gmt":"2025-02-28T17:19:36","guid":{"rendered":"https:\/\/www.cronicasdeitarantim.com.br\/v1\/?p=170571"},"modified":"2025-02-28T14:35:12","modified_gmt":"2025-02-28T17:35:12","slug":"dois-acidentes-sao-registrados-na-regiao-um-em-potiragua-e-outro-na-estrada-de-itambe","status":"publish","type":"post","link":"https:\/\/www.cronicasdeitarantim.com.br\/v1\/2025\/02\/28\/dois-acidentes-sao-registrados-na-regiao-um-em-potiragua-e-outro-na-estrada-de-itambe\/","title":{"rendered":"Dois acidentes s\u00e3o registrados na regi\u00e3o, um em Potiragu\u00e1 e outro na estrada de Itamb\u00e9"},"content":{"rendered":"<h4>Dois acidentes foram registrados na regia\u0303o. O primeiro acidente ocorreu no distrito de Gurupa\u0301-Mirim, pertencente a Potiragua\u0301, onde um carro de passeio tombou e ficou com as rodas viradas para cima. Neste caso, na\u0303o temos informac\u0327o\u0303es sobre vi\u0301timas nem sobre o estado de sau\u0301de dos ocupantes do vei\u0301culo.<\/h4>\n<div id=\"attachment_170575\" style=\"width: 306px\" class=\"wp-caption alignleft\"><a href=\"https:\/\/www.cronicasdeitarantim.com.br\/v1\/wp-content\/uploads\/2025\/02\/FB_IMG_1740763786409_compress22.jpg\"><img aria-describedby=\"caption-attachment-170575\" decoding=\"async\" loading=\"lazy\" class=\"wp-image-170575\" src=\"https:\/\/www.cronicasdeitarantim.com.br\/v1\/wp-content\/uploads\/2025\/02\/FB_IMG_1740763786409_compress22.jpg\" alt=\"\" width=\"296\" height=\"296\" srcset=\"https:\/\/www.cronicasdeitarantim.com.br\/v1\/wp-content\/uploads\/2025\/02\/FB_IMG_1740763786409_compress22.jpg 730w, https:\/\/www.cronicasdeitarantim.com.br\/v1\/wp-content\/uploads\/2025\/02\/FB_IMG_1740763786409_compress22-300x300.jpg 300w, https:\/\/www.cronicasdeitarantim.com.br\/v1\/wp-content\/uploads\/2025\/02\/FB_IMG_1740763786409_compress22-150x150.jpg 150w, https:\/\/www.cronicasdeitarantim.com.br\/v1\/wp-content\/uploads\/2025\/02\/FB_IMG_1740763786409_compress22-130x130.jpg 130w, https:\/\/www.cronicasdeitarantim.com.br\/v1\/wp-content\/uploads\/2025\/02\/FB_IMG_1740763786409_compress22-400x400.jpg 400w, https:\/\/www.cronicasdeitarantim.com.br\/v1\/wp-content\/uploads\/2025\/02\/FB_IMG_1740763786409_compress22-600x600.jpg 600w\" sizes=\"(max-width: 296px) 100vw, 296px\" \/><\/a><p id=\"caption-attachment-170575\" class=\"wp-caption-text\">Estrada de Potiragu\u00e1, Gurup\u00e1-Mirim<\/p><\/div>\n<h4>O segundo acidente aconteceu na estrada que liga as cidades de Itapetinga e Itambe\u0301, numa regia\u0303o conhecida como Mata Escura. Nesse acidente, os ocupantes de um carro de passeio ficaram presos a\u0300s ferragens apo\u0301s o vei\u0301culo sair da pista e cair em uma ribanceira. Os passageiros foram levados para o Hospital Cristo Redentor, na cidade de Itapetinga. De acordo com as informac\u0327o\u0303es, um dos passageiros requer cuidados especiais devido ao seu estado\u00a0de\u00a0sau\u0301de.<\/h4>\n<h4>As autoridades recomendam, neste peri\u0301odo de Carnaval, que o fluxo de vei\u0301culos nas BRs e BAs de todo o estado seja monitorado. Para as pessoas que viajam para curtir o Carnaval, e\u0301 preciso ter muito cuidado\u00a0nas\u00a0pistas.<\/h4>\n","protected":false},"excerpt":{"rendered":"<p>Dois acidentes foram registrados na regia\u0303o. O primeiro acidente ocorreu no distrito de Gurupa\u0301-Mirim, pertencente a Potiragua\u0301, onde um carro de passeio tombou e ficou com as rodas viradas para cima. Neste caso, na\u0303o temos informac\u0327o\u0303es sobre vi\u0301timas nem sobre o estado de sau\u0301de dos ocupantes do vei\u0301culo. O segundo acidente aconteceu na estrada que liga as cidades de Itapetinga e Itambe\u0301, numa regia\u0303o conhecida como Mata Escura. Nesse acidente, os ocupantes de um carro de passeio ficaram presos a\u0300s ferragens apo\u0301s o vei\u0301culo sair da pista e cair em uma ribanceira. Os passageiros foram levados para o Hospital Cristo [&hellip;]<\/p>\n","protected":false},"author":4,"featured_media":170572,"comment_status":"open","ping_status":"open","sticky":false,"template":"","format":"standard","meta":[],"categories":[306],"tags":[594,2668,3310,1780,427],"_links":{"self":[{"href":"https:\/\/www.cronicasdeitarantim.com.br\/v1\/wp-json\/wp\/v2\/posts\/170571"}],"collection":[{"href":"https:\/\/www.cronicasdeitarantim.com.br\/v1\/wp-json\/wp\/v2\/posts"}],"about":[{"href":"https:\/\/www.cronicasdeitarantim.com.br\/v1\/wp-json\/wp\/v2\/types\/post"}],"author":[{"embeddable":true,"href":"https:\/\/www.cronicasdeitarantim.com.br\/v1\/wp-json\/wp\/v2\/users\/4"}],"replies":[{"embeddable":true,"href":"https:\/\/www.cronicasdeitarantim.com.br\/v1\/wp-json\/wp\/v2\/comments?post=170571"}],"version-history":[{"count":4,"href":"https:\/\/www.cronicasdeitarantim.com.br\/v1\/wp-json\/wp\/v2\/posts\/170571\/revisions"}],"predecessor-version":[{"id":170578,"href":"https:\/\/www.cronicasdeitarantim.com.br\/v1\/wp-json\/wp\/v2\/posts\/170571\/revisions\/170578"}],"wp:featuredmedia":[{"embeddable":true,"href":"https:\/\/www.cronicasdeitarantim.com.br\/v1\/wp-json\/wp\/v2\/media\/170572"}],"wp:attachment":[{"href":"https:\/\/www.cronicasdeitarantim.com.br\/v1\/wp-json\/wp\/v2\/media?parent=170571"}],"wp:term":[{"taxonomy":"category","embeddable":true,"href":"https:\/\/www.cronicasdeitarantim.com.br\/v1\/wp-json\/wp\/v2\/categories?post=170571"},{"taxonomy":"post_tag","embeddable":true,"href":"https:\/\/www.cronicasdeitarantim.com.br\/v1\/wp-json\/wp\/v2\/tags?post=170571"}],"curies":[{"name":"wp","href":"https:\/\/api.w.org\/{rel}","templated":true}]}}