{"id":170481,"date":"2025-02-24T11:27:44","date_gmt":"2025-02-24T14:27:44","guid":{"rendered":"https:\/\/www.cronicasdeitarantim.com.br\/v1\/?p=170481"},"modified":"2025-02-24T11:27:44","modified_gmt":"2025-02-24T14:27:44","slug":"vereador-de-cidade-da-bahia-e-suspeito-de-tentar-matar-a-esposa","status":"publish","type":"post","link":"https:\/\/www.cronicasdeitarantim.com.br\/v1\/2025\/02\/24\/vereador-de-cidade-da-bahia-e-suspeito-de-tentar-matar-a-esposa\/","title":{"rendered":"Vereador de cidade da Bahia \u00e9 suspeito de tentar matar a esposa"},"content":{"rendered":"<p>O vereador Edivan de Jesus Santos, conhecido como Mora\u0303o (UB), de 38 anos, \u00e9 investigado por tentativa de feminic\u00eddio contra sua esposa, ap\u00f3s uma discuss\u00e3o que teria ocorrido na manh\u00e3 de s\u00e1bado (22), em sua resid\u00eancia, no bairro da Salgadeira, em Santo Ant\u00f4nio de Jesus. A v\u00edtima, de 41 anos, registrou Boletim de Ocorr\u00eancia (BO) na Delegacia Territorial local e relatou ter sido ferida com tr\u00eas golpes de faca e um peda\u00e7o de madeira.<\/p>\n<div>\n<div class=\"trv-player-container\">\n<div class=\"trv-wrapper\">\n<div id=\"br_video_player_7b9e67ca7f5c0983d7e7c5ea4fc0ee9dc3c659f9\" class=\"trvd_video_player\">\n<div class=\"loader-bg-transparent\">\n<div class=\"loader-transparent\">De acordo com a Pol\u00edcia Civil, a v\u00edtima passou por exame de corpo de delito, que confirmou a tentativa de feminic\u00eddio. O desentendimento entre o casal teria sido motivado por ci\u00fames, e o parlamentar n\u00e3o foi detido no momento do crime por n\u00e3o haver flagrante. At\u00e9 o momento, o vereador n\u00e3o se apresentou \u00e0s autoridades e segue foragido.<\/div>\n<\/div>\n<\/div>\n<\/div>\n<\/div>\n<\/div>\n","protected":false},"excerpt":{"rendered":"<p>O vereador Edivan de Jesus Santos, conhecido como Mora\u0303o (UB), de 38 anos, \u00e9 investigado por tentativa de feminic\u00eddio contra sua esposa, ap\u00f3s uma discuss\u00e3o que teria ocorrido na manh\u00e3 de s\u00e1bado (22), em sua resid\u00eancia, no bairro da Salgadeira, em Santo Ant\u00f4nio de Jesus. A v\u00edtima, de 41 anos, registrou Boletim de Ocorr\u00eancia (BO) na Delegacia Territorial local e relatou ter sido ferida com tr\u00eas golpes de faca e um peda\u00e7o de madeira. De acordo com a Pol\u00edcia Civil, a v\u00edtima passou por exame de corpo de delito, que confirmou a tentativa de feminic\u00eddio. O desentendimento entre o casal [&hellip;]<\/p>\n","protected":false},"author":4,"featured_media":170482,"comment_status":"open","ping_status":"open","sticky":false,"template":"","format":"standard","meta":[],"categories":[306],"tags":[76,3310,1780,2438,997],"_links":{"self":[{"href":"https:\/\/www.cronicasdeitarantim.com.br\/v1\/wp-json\/wp\/v2\/posts\/170481"}],"collection":[{"href":"https:\/\/www.cronicasdeitarantim.com.br\/v1\/wp-json\/wp\/v2\/posts"}],"about":[{"href":"https:\/\/www.cronicasdeitarantim.com.br\/v1\/wp-json\/wp\/v2\/types\/post"}],"author":[{"embeddable":true,"href":"https:\/\/www.cronicasdeitarantim.com.br\/v1\/wp-json\/wp\/v2\/users\/4"}],"replies":[{"embeddable":true,"href":"https:\/\/www.cronicasdeitarantim.com.br\/v1\/wp-json\/wp\/v2\/comments?post=170481"}],"version-history":[{"count":1,"href":"https:\/\/www.cronicasdeitarantim.com.br\/v1\/wp-json\/wp\/v2\/posts\/170481\/revisions"}],"predecessor-version":[{"id":170483,"href":"https:\/\/www.cronicasdeitarantim.com.br\/v1\/wp-json\/wp\/v2\/posts\/170481\/revisions\/170483"}],"wp:featuredmedia":[{"embeddable":true,"href":"https:\/\/www.cronicasdeitarantim.com.br\/v1\/wp-json\/wp\/v2\/media\/170482"}],"wp:attachment":[{"href":"https:\/\/www.cronicasdeitarantim.com.br\/v1\/wp-json\/wp\/v2\/media?parent=170481"}],"wp:term":[{"taxonomy":"category","embeddable":true,"href":"https:\/\/www.cronicasdeitarantim.com.br\/v1\/wp-json\/wp\/v2\/categories?post=170481"},{"taxonomy":"post_tag","embeddable":true,"href":"https:\/\/www.cronicasdeitarantim.com.br\/v1\/wp-json\/wp\/v2\/tags?post=170481"}],"curies":[{"name":"wp","href":"https:\/\/api.w.org\/{rel}","templated":true}]}}