{"id":170462,"date":"2025-02-23T14:29:54","date_gmt":"2025-02-23T17:29:54","guid":{"rendered":"https:\/\/www.cronicasdeitarantim.com.br\/v1\/?p=170462"},"modified":"2025-02-23T14:29:54","modified_gmt":"2025-02-23T17:29:54","slug":"seguranca-stf-confirma-competencia-de-guardas-municipais-para-fazer-policiamento","status":"publish","type":"post","link":"https:\/\/www.cronicasdeitarantim.com.br\/v1\/2025\/02\/23\/seguranca-stf-confirma-competencia-de-guardas-municipais-para-fazer-policiamento\/","title":{"rendered":"Seguran\u00e7a: STF confirma compet\u00eancia de guardas municipais para fazer policiamento"},"content":{"rendered":"<p>O Supremo Tribunal Federal (STF) confirmou que as guardas municipais podem realizar policiamento ostensivo nas vias p\u00fablicas. Salvo, algumas quest\u00f5es, entenda:<\/p>\n<p>A Corte julgou na \u00faltima quinta-feira, 20 de fevereiro, um recurso protocolado pela C\u00e2mara Municipal de S\u00e3o Paulo para derrubar a decis\u00e3o do Tribunal de Justi\u00e7a que julgou inconstitucional o trecho da Lei Municipal 13.866\/2004, que fixou a compet\u00eancia da Guarda Civil Metropolitana para realizar o trabalho de policiamento.<\/p>\n<p>A controv\u00e9rsia da quest\u00e3o estava em torno da interpreta\u00e7\u00e3o do Artigo 144, da Constitui\u00e7\u00e3o. O dispositivo definiu que os munic\u00edpios podem criar guardas municipais destinadas \u00e0 prote\u00e7\u00e3o de seus bens, servi\u00e7os e instala\u00e7\u00f5es.<\/p>\n<p>De acordo com entendimento da maioria dos ministros, a guarda municipal pode atuar em a\u00e7\u00f5es de seguran\u00e7a p\u00fablica, al\u00e9m da fun\u00e7\u00e3o de vigil\u00e2ncia patrimonial, mas deve respeitar as atribui\u00e7\u00f5es das pol\u00edcias Civil e Militar, como n\u00e3o atuar como pol\u00edcia judici\u00e1ria, por exemplo.<\/p>\n<p>Ao final do julgamento, foi definida a seguinte tese, que valer\u00e1 para todo o pa\u00eds:<\/p>\n<p>\u201c\u00c9 constitucional, no \u00e2mbito dos munic\u00edpios, o exerc\u00edcio de a\u00e7\u00f5es de seguran\u00e7a urbana pelas guardas municipais, inclusive o policiamento ostensivo comunit\u00e1rio, respeitadas as atribui\u00e7\u00f5es dos demais \u00f3rg\u00e3os de seguran\u00e7a p\u00fablica previstas no artigo 144 da Constitui\u00e7\u00e3o Federal e exclu\u00edda qualquer atividade de pol\u00edcia judici\u00e1ria, sendo submetidas ao controle externo da atividade policial pelo Minist\u00e9rio P\u00fablico, nos termos do artigo 129, inciso 7\u00ba, da Constitui\u00e7\u00e3o Federal\u201d, definiu o STF.<\/p>\n","protected":false},"excerpt":{"rendered":"<p>O Supremo Tribunal Federal (STF) confirmou que as guardas municipais podem realizar policiamento ostensivo nas vias p\u00fablicas. Salvo, algumas quest\u00f5es, entenda: A Corte julgou na \u00faltima quinta-feira, 20 de fevereiro, um recurso protocolado pela C\u00e2mara Municipal de S\u00e3o Paulo para derrubar a decis\u00e3o do Tribunal de Justi\u00e7a que julgou inconstitucional o trecho da Lei Municipal 13.866\/2004, que fixou a compet\u00eancia da Guarda Civil Metropolitana para realizar o trabalho de policiamento. A controv\u00e9rsia da quest\u00e3o estava em torno da interpreta\u00e7\u00e3o do Artigo 144, da Constitui\u00e7\u00e3o. O dispositivo definiu que os munic\u00edpios podem criar guardas municipais destinadas \u00e0 prote\u00e7\u00e3o de seus bens, [&hellip;]<\/p>\n","protected":false},"author":4,"featured_media":170463,"comment_status":"open","ping_status":"open","sticky":false,"template":"","format":"standard","meta":[],"categories":[1],"tags":[76,3310,433,1780,732,930,591],"_links":{"self":[{"href":"https:\/\/www.cronicasdeitarantim.com.br\/v1\/wp-json\/wp\/v2\/posts\/170462"}],"collection":[{"href":"https:\/\/www.cronicasdeitarantim.com.br\/v1\/wp-json\/wp\/v2\/posts"}],"about":[{"href":"https:\/\/www.cronicasdeitarantim.com.br\/v1\/wp-json\/wp\/v2\/types\/post"}],"author":[{"embeddable":true,"href":"https:\/\/www.cronicasdeitarantim.com.br\/v1\/wp-json\/wp\/v2\/users\/4"}],"replies":[{"embeddable":true,"href":"https:\/\/www.cronicasdeitarantim.com.br\/v1\/wp-json\/wp\/v2\/comments?post=170462"}],"version-history":[{"count":1,"href":"https:\/\/www.cronicasdeitarantim.com.br\/v1\/wp-json\/wp\/v2\/posts\/170462\/revisions"}],"predecessor-version":[{"id":170464,"href":"https:\/\/www.cronicasdeitarantim.com.br\/v1\/wp-json\/wp\/v2\/posts\/170462\/revisions\/170464"}],"wp:featuredmedia":[{"embeddable":true,"href":"https:\/\/www.cronicasdeitarantim.com.br\/v1\/wp-json\/wp\/v2\/media\/170463"}],"wp:attachment":[{"href":"https:\/\/www.cronicasdeitarantim.com.br\/v1\/wp-json\/wp\/v2\/media?parent=170462"}],"wp:term":[{"taxonomy":"category","embeddable":true,"href":"https:\/\/www.cronicasdeitarantim.com.br\/v1\/wp-json\/wp\/v2\/categories?post=170462"},{"taxonomy":"post_tag","embeddable":true,"href":"https:\/\/www.cronicasdeitarantim.com.br\/v1\/wp-json\/wp\/v2\/tags?post=170462"}],"curies":[{"name":"wp","href":"https:\/\/api.w.org\/{rel}","templated":true}]}}