{"id":170448,"date":"2025-02-22T02:03:53","date_gmt":"2025-02-22T05:03:53","guid":{"rendered":"https:\/\/www.cronicasdeitarantim.com.br\/v1\/?p=170448"},"modified":"2025-02-22T02:07:34","modified_gmt":"2025-02-22T05:07:34","slug":"homem-assassinado-em-maiquinique-era-artista-plastico-na-cidade-ele-foi-identificado","status":"publish","type":"post","link":"https:\/\/www.cronicasdeitarantim.com.br\/v1\/2025\/02\/22\/homem-assassinado-em-maiquinique-era-artista-plastico-na-cidade-ele-foi-identificado\/","title":{"rendered":"Homem assassinado em Maiquinique era artista pl\u00e1stico na cidade, ele foi identificado"},"content":{"rendered":"<p>O homem assassinado na noite dessa sexta-feira, 21 de fevereiro, na cidade de Maiquinique, como j\u00e1 hav\u00edamos anunciado (<a href=\"https:\/\/www.cronicasdeitarantim.com.br\/v1\/2025\/02\/21\/urgente-muitos-tiros-e-uma-pessoa-baleada-na-cidade-de-maiquinique\/\">Homem baleado)<\/a>\u00a0 foi identificado como Almir Vilela, um artista pla\u0301stico bastante conhecido na cidade e na regia\u0303o. Almir foi tragicamente assassinado com va\u0301rios tiros, praticamente na porta de sua casa, localizada na Rua Sete de Setembro, no centro de Maiquinique.<\/p>\n<p>De acordo com informac\u0327o\u0303es colhidas pelo site Cro\u0302nicas de Itarantim, os assassinos chegaram em uma moto e dispararam diversos tiros. Imagens enviadas a\u0300 nossa redac\u0327a\u0303o mostram marcas de tiros de calibre grosso no porta\u0303o de uma reside\u0302ncia; no entanto, na\u0303o se sabe se esse porta\u0303o pertence a\u0300 sua casa.<\/p>\n<p>Uma ambul\u00e2ncia da cidade chegou a socorrer Almir e leva\u0301-lo ao hospital da cidade, mas ele na\u0303o resistiu aos ferimentos e faleceu. A morte de Almir pegou a todos de surpresa e deixou a comunidade de Maiquinique consternada diante dessa tra\u0301gica situac\u0327a\u0303o.<\/p>\n<p>Nas redes sociais, va\u0301rias mensagens de solidariedade foram publicadas por amigos demonstrando o quanto ele era querido.<\/p>\n<p>A Ca\u0302mara Municipal de Vereadores da cidade tambe\u0301m divulgou uma nota de luto. Almir realizou diversos servic\u0327os arti\u0301sticos na cidade, como enfeites em prac\u0327as e outras localidades, sendo uma pessoa muito querida pela populac\u0327a\u0303o. Ele era irma\u0303o do atual vereador conhecido como Xuxa.<\/p>\n<p>A motiva\u00e7\u00e3o do crime ainda \u00e9 desconhecida, de acordo com informa\u00e7\u00f5es, Almir era uma pessoa bastante tranquila e n\u00e3o tinha envolvimento com droga, as autoridades trabalhar\u00e1 no caso para tentar descobrir o real motivo do assassinato de Almir.<\/p>\n<p>Aos amigos e familiares, deixamos nossas condole\u0302ncias e que Deus conforte o corac\u0327a\u0303o\u00a0de\u00a0todos!<\/p>\n","protected":false},"excerpt":{"rendered":"<p>O homem assassinado na noite dessa sexta-feira, 21 de fevereiro, na cidade de Maiquinique, como j\u00e1 hav\u00edamos anunciado (Homem baleado)\u00a0 foi identificado como Almir Vilela, um artista pla\u0301stico bastante conhecido na cidade e na regia\u0303o. Almir foi tragicamente assassinado com va\u0301rios tiros, praticamente na porta de sua casa, localizada na Rua Sete de Setembro, no centro de Maiquinique. De acordo com informac\u0327o\u0303es colhidas pelo site Cro\u0302nicas de Itarantim, os assassinos chegaram em uma moto e dispararam diversos tiros. Imagens enviadas a\u0300 nossa redac\u0327a\u0303o mostram marcas de tiros de calibre grosso no porta\u0303o de uma reside\u0302ncia; no entanto, na\u0303o se sabe [&hellip;]<\/p>\n","protected":false},"author":4,"featured_media":170449,"comment_status":"open","ping_status":"open","sticky":false,"template":"","format":"standard","meta":[],"categories":[306],"tags":[3310,1780,392,434,444],"_links":{"self":[{"href":"https:\/\/www.cronicasdeitarantim.com.br\/v1\/wp-json\/wp\/v2\/posts\/170448"}],"collection":[{"href":"https:\/\/www.cronicasdeitarantim.com.br\/v1\/wp-json\/wp\/v2\/posts"}],"about":[{"href":"https:\/\/www.cronicasdeitarantim.com.br\/v1\/wp-json\/wp\/v2\/types\/post"}],"author":[{"embeddable":true,"href":"https:\/\/www.cronicasdeitarantim.com.br\/v1\/wp-json\/wp\/v2\/users\/4"}],"replies":[{"embeddable":true,"href":"https:\/\/www.cronicasdeitarantim.com.br\/v1\/wp-json\/wp\/v2\/comments?post=170448"}],"version-history":[{"count":2,"href":"https:\/\/www.cronicasdeitarantim.com.br\/v1\/wp-json\/wp\/v2\/posts\/170448\/revisions"}],"predecessor-version":[{"id":170451,"href":"https:\/\/www.cronicasdeitarantim.com.br\/v1\/wp-json\/wp\/v2\/posts\/170448\/revisions\/170451"}],"wp:featuredmedia":[{"embeddable":true,"href":"https:\/\/www.cronicasdeitarantim.com.br\/v1\/wp-json\/wp\/v2\/media\/170449"}],"wp:attachment":[{"href":"https:\/\/www.cronicasdeitarantim.com.br\/v1\/wp-json\/wp\/v2\/media?parent=170448"}],"wp:term":[{"taxonomy":"category","embeddable":true,"href":"https:\/\/www.cronicasdeitarantim.com.br\/v1\/wp-json\/wp\/v2\/categories?post=170448"},{"taxonomy":"post_tag","embeddable":true,"href":"https:\/\/www.cronicasdeitarantim.com.br\/v1\/wp-json\/wp\/v2\/tags?post=170448"}],"curies":[{"name":"wp","href":"https:\/\/api.w.org\/{rel}","templated":true}]}}