{"id":170310,"date":"2025-02-19T11:06:11","date_gmt":"2025-02-19T14:06:11","guid":{"rendered":"https:\/\/www.cronicasdeitarantim.com.br\/v1\/?p=170310"},"modified":"2025-02-19T11:06:11","modified_gmt":"2025-02-19T14:06:11","slug":"em-suas-redes-sociais-sindicato-dos-professores-de-itarantim-questiona-publicacao-da-secretaria-de-educacao","status":"publish","type":"post","link":"https:\/\/www.cronicasdeitarantim.com.br\/v1\/2025\/02\/19\/em-suas-redes-sociais-sindicato-dos-professores-de-itarantim-questiona-publicacao-da-secretaria-de-educacao\/","title":{"rendered":"Em suas redes sociais, Sindicato dos Professores de Itarantim questiona publica\u00e7\u00e3o da secretaria de educa\u00e7\u00e3o"},"content":{"rendered":"<p>O Sindicato dos Trabalhadores da Educa\u00e7\u00e3o de Itarantim (APLB) fez uma publica\u00e7\u00e3o nesta ter\u00e7a-feira, 18 de fevereiro, destacando um erro encontrado no Di\u00e1rio Oficial da Prefeitura de Itarantim, emitido pela Secretaria de Educa\u00e7\u00e3o. O sindicato questiona o calend\u00e1rio do ano letivo que foi publicado como sendo de 2024, ao inv\u00e9s de 2025. Al\u00e9m disso, o sindicato aponta que v\u00e1rias escolas n\u00e3o est\u00e3o adequadas para funcionamento, mencionando a falta de climatiza\u00e7\u00e3o e a escassez de ventiladores. Tamb\u00e9m fazem refer\u00eancia ao piso salarial atualizado dos professores, que ainda n\u00e3o foi repassado pela prefeitura.<\/p>\n<p>Confira a nota publicada pela APLB Sindicato N\u00facleo de Itarantim:<\/p>\n<p>&#8220;Aten\u00e7\u00e3o, comunidade escolar! Ao analisarmos a Portaria n\u00ba 01 de 2025 da Secretaria Municipal de Educa\u00e7\u00e3o, que publica o calend\u00e1rio do ano letivo de 2025, observamos um erro: a portaria menciona que est\u00e1 publicando o calend\u00e1rio do ano letivo de 2024. Ao refletirmos sobre as condi\u00e7\u00f5es das escolas da rede municipal, percebemos que encerramos o ano de 2024 sem as adequa\u00e7\u00f5es necess\u00e1rias para o funcionamento adequado, como salas de aula climatizadas e apenas alguns ventiladores. E o pior: sem o piso salarial atualizado dos professores. Ser\u00e1 que este erro na portaria \u00e9 um sinal de que estamos vivendo no passado? Vamos voltar \u00e0 Idade da\u00a0Pedra\u00a0Lascada?&#8221;<\/p>\n","protected":false},"excerpt":{"rendered":"<p>O Sindicato dos Trabalhadores da Educa\u00e7\u00e3o de Itarantim (APLB) fez uma publica\u00e7\u00e3o nesta ter\u00e7a-feira, 18 de fevereiro, destacando um erro encontrado no Di\u00e1rio Oficial da Prefeitura de Itarantim, emitido pela Secretaria de Educa\u00e7\u00e3o. O sindicato questiona o calend\u00e1rio do ano letivo que foi publicado como sendo de 2024, ao inv\u00e9s de 2025. Al\u00e9m disso, o sindicato aponta que v\u00e1rias escolas n\u00e3o est\u00e3o adequadas para funcionamento, mencionando a falta de climatiza\u00e7\u00e3o e a escassez de ventiladores. Tamb\u00e9m fazem refer\u00eancia ao piso salarial atualizado dos professores, que ainda n\u00e3o foi repassado pela prefeitura. Confira a nota publicada pela APLB Sindicato N\u00facleo de [&hellip;]<\/p>\n","protected":false},"author":4,"featured_media":170311,"comment_status":"open","ping_status":"open","sticky":false,"template":"","format":"standard","meta":[],"categories":[363],"tags":[1700,3310,1780,130],"_links":{"self":[{"href":"https:\/\/www.cronicasdeitarantim.com.br\/v1\/wp-json\/wp\/v2\/posts\/170310"}],"collection":[{"href":"https:\/\/www.cronicasdeitarantim.com.br\/v1\/wp-json\/wp\/v2\/posts"}],"about":[{"href":"https:\/\/www.cronicasdeitarantim.com.br\/v1\/wp-json\/wp\/v2\/types\/post"}],"author":[{"embeddable":true,"href":"https:\/\/www.cronicasdeitarantim.com.br\/v1\/wp-json\/wp\/v2\/users\/4"}],"replies":[{"embeddable":true,"href":"https:\/\/www.cronicasdeitarantim.com.br\/v1\/wp-json\/wp\/v2\/comments?post=170310"}],"version-history":[{"count":1,"href":"https:\/\/www.cronicasdeitarantim.com.br\/v1\/wp-json\/wp\/v2\/posts\/170310\/revisions"}],"predecessor-version":[{"id":170312,"href":"https:\/\/www.cronicasdeitarantim.com.br\/v1\/wp-json\/wp\/v2\/posts\/170310\/revisions\/170312"}],"wp:featuredmedia":[{"embeddable":true,"href":"https:\/\/www.cronicasdeitarantim.com.br\/v1\/wp-json\/wp\/v2\/media\/170311"}],"wp:attachment":[{"href":"https:\/\/www.cronicasdeitarantim.com.br\/v1\/wp-json\/wp\/v2\/media?parent=170310"}],"wp:term":[{"taxonomy":"category","embeddable":true,"href":"https:\/\/www.cronicasdeitarantim.com.br\/v1\/wp-json\/wp\/v2\/categories?post=170310"},{"taxonomy":"post_tag","embeddable":true,"href":"https:\/\/www.cronicasdeitarantim.com.br\/v1\/wp-json\/wp\/v2\/tags?post=170310"}],"curies":[{"name":"wp","href":"https:\/\/api.w.org\/{rel}","templated":true}]}}