{"id":170180,"date":"2025-02-14T11:07:45","date_gmt":"2025-02-14T14:07:45","guid":{"rendered":"https:\/\/www.cronicasdeitarantim.com.br\/v1\/?p=170180"},"modified":"2025-02-14T11:07:45","modified_gmt":"2025-02-14T14:07:45","slug":"luto-no-cinema-cineasta-caca-diegues-morre-no-rio-de-janeiro-aos-84-anos","status":"publish","type":"post","link":"https:\/\/www.cronicasdeitarantim.com.br\/v1\/2025\/02\/14\/luto-no-cinema-cineasta-caca-diegues-morre-no-rio-de-janeiro-aos-84-anos\/","title":{"rendered":"Luto no cinema: Cineasta Cac\u00e1 Diegues morre no Rio de Janeiro, aos 84 anos"},"content":{"rendered":"<div class=\"styles__Body-sc-1ffquwr-7 ePhtZb\">\n<p>O cineasta Cac\u00e1 Diegues morreu na madrugada desta sexta-feira (14), aos 84 anos, ap\u00f3s complica\u00e7\u00f5es em uma cirurgia. Um dos principais nomes do Cinema Novo, Diegues nasceu\u00a0em Macei\u00f3, no dia 19 de maio de 1940 e mudou para o Rio de Janeiro aos seis anos, onde passou sua inf\u00e2ncia e adolesc\u00eancia no bairro de Botafogo.<\/p>\n<p>Ao longo de sua carreira, o cineasta dirigiu mais de 20 filmes de longa-metragem, sendo alguns dos mais premiados &#8220;Xica da Silva&#8221; (1976), &#8220;Bye Bye Brasil&#8221; (1980), &#8220;Tieta do Agreste&#8221; (1995) e &#8220;Veja esta can\u00e7\u00e3o&#8221; (1994). Ele tamb\u00e9m foi respons\u00e1vel por outros filmes marcantes como &#8220;Ganga Zumba&#8221; (1964), &#8220;Quilombo&#8221; (1984) e &#8220;O grande circo m\u00edstico&#8221; (2018). Em 2012, foi homenageado no Grande Pr\u00eamio de Cinema Brasileiro, realizado no Teatro Municipal do Rio de Janeiro.<\/p>\n<p>Cac\u00e1 Diegues era pai de quatro filhos, dois deles com a cantora Nara Le\u00e3o, e casado desde 1981 com a produtora Renata Almeida Magalh\u00e3es. Ele deixa tamb\u00e9m tr\u00eas netos. O cineasta foi um dos fundadores do Cinema Novo e ocupava a Cadeira 7 da Academia Brasileira de Letras (ABL), j\u00e1 ocupada anteriormente por grandes nomes da literatura como Euclides da Cunha e Afr\u00e2nio Peixoto. (Com informa\u00e7\u00f5es do Metro1).<\/p>\n<\/div>\n","protected":false},"excerpt":{"rendered":"<p>O cineasta Cac\u00e1 Diegues morreu na madrugada desta sexta-feira (14), aos 84 anos, ap\u00f3s complica\u00e7\u00f5es em uma cirurgia. Um dos principais nomes do Cinema Novo, Diegues nasceu\u00a0em Macei\u00f3, no dia 19 de maio de 1940 e mudou para o Rio de Janeiro aos seis anos, onde passou sua inf\u00e2ncia e adolesc\u00eancia no bairro de Botafogo. Ao longo de sua carreira, o cineasta dirigiu mais de 20 filmes de longa-metragem, sendo alguns dos mais premiados &#8220;Xica da Silva&#8221; (1976), &#8220;Bye Bye Brasil&#8221; (1980), &#8220;Tieta do Agreste&#8221; (1995) e &#8220;Veja esta can\u00e7\u00e3o&#8221; (1994). Ele tamb\u00e9m foi respons\u00e1vel por outros filmes marcantes como [&hellip;]<\/p>\n","protected":false},"author":4,"featured_media":170181,"comment_status":"open","ping_status":"open","sticky":false,"template":"","format":"standard","meta":[],"categories":[1],"tags":[3310,577,1780,3315,495],"_links":{"self":[{"href":"https:\/\/www.cronicasdeitarantim.com.br\/v1\/wp-json\/wp\/v2\/posts\/170180"}],"collection":[{"href":"https:\/\/www.cronicasdeitarantim.com.br\/v1\/wp-json\/wp\/v2\/posts"}],"about":[{"href":"https:\/\/www.cronicasdeitarantim.com.br\/v1\/wp-json\/wp\/v2\/types\/post"}],"author":[{"embeddable":true,"href":"https:\/\/www.cronicasdeitarantim.com.br\/v1\/wp-json\/wp\/v2\/users\/4"}],"replies":[{"embeddable":true,"href":"https:\/\/www.cronicasdeitarantim.com.br\/v1\/wp-json\/wp\/v2\/comments?post=170180"}],"version-history":[{"count":1,"href":"https:\/\/www.cronicasdeitarantim.com.br\/v1\/wp-json\/wp\/v2\/posts\/170180\/revisions"}],"predecessor-version":[{"id":170182,"href":"https:\/\/www.cronicasdeitarantim.com.br\/v1\/wp-json\/wp\/v2\/posts\/170180\/revisions\/170182"}],"wp:featuredmedia":[{"embeddable":true,"href":"https:\/\/www.cronicasdeitarantim.com.br\/v1\/wp-json\/wp\/v2\/media\/170181"}],"wp:attachment":[{"href":"https:\/\/www.cronicasdeitarantim.com.br\/v1\/wp-json\/wp\/v2\/media?parent=170180"}],"wp:term":[{"taxonomy":"category","embeddable":true,"href":"https:\/\/www.cronicasdeitarantim.com.br\/v1\/wp-json\/wp\/v2\/categories?post=170180"},{"taxonomy":"post_tag","embeddable":true,"href":"https:\/\/www.cronicasdeitarantim.com.br\/v1\/wp-json\/wp\/v2\/tags?post=170180"}],"curies":[{"name":"wp","href":"https:\/\/api.w.org\/{rel}","templated":true}]}}