{"id":170122,"date":"2025-02-11T11:09:21","date_gmt":"2025-02-11T14:09:21","guid":{"rendered":"https:\/\/www.cronicasdeitarantim.com.br\/v1\/?p=170122"},"modified":"2025-02-11T11:31:30","modified_gmt":"2025-02-11T14:31:30","slug":"inmet-preve-muita-chuva-para-esta-semana-em-regioes-da-bahia","status":"publish","type":"post","link":"https:\/\/www.cronicasdeitarantim.com.br\/v1\/2025\/02\/11\/inmet-preve-muita-chuva-para-esta-semana-em-regioes-da-bahia\/","title":{"rendered":"Inmet prev\u00ea muita chuva para esta semana em regi\u00f5es da Bahia"},"content":{"rendered":"<div class=\"styles__Body-sc-1ffquwr-7 ePhtZb\">\n<h4>As tempestades e chuvas intensas devem afetar o todo o pa\u00eds nesta ter\u00e7a-feira (11), exceto a regi\u00e3o Sul, que sofre com altas temperaturas, segundo o Instituto Nacional de Meteorologia (Inmet).<\/h4>\n<h4>O calor na regi\u00e3o Sul est\u00e1 t\u00e3o intenso que a Justi\u00e7a do Rio Grande do Sul atendeu ao pedido do sindicato dos professores estaduais e adiou o in\u00edcio das aulas na rede p\u00fablica, que seria nesta segunda-feira (10). A onda de calor \u00e9 classificada como de grande perigo, com temperaturas 5\u00baC acima da m\u00e9dia por at\u00e9 cinco dias.<\/h4>\n<h4>Al\u00e9m do calor, \u00e1reas do Centro-Oeste e Sudeste enfrentar\u00e3o tempestades, com o Inmet emitindo alertas para chuvas fortes em v\u00e1rias regi\u00f5es nesta ter\u00e7a-feira (11). Espera-se precipita\u00e7\u00e3o de 20 a 30 mm\/h, ventos de at\u00e9 60 km\/h e risco de granizo.<\/h4>\n<h4>O Inmet tamb\u00e9m emitiu alertas para o Norte, Nordeste e Centro-Oeste. As chuvas podem ser intensas, com ventos de at\u00e9 100 km\/h em alguns pontos. A recomenda\u00e7\u00e3o \u00e9 evitar abrigar-se sob \u00e1rvores e estacionar perto de torres ou placas, devido aos riscos de quedas e descargas el\u00e9tricas.<\/h4>\n<\/div>\n","protected":false},"excerpt":{"rendered":"<p>As tempestades e chuvas intensas devem afetar o todo o pa\u00eds nesta ter\u00e7a-feira (11), exceto a regi\u00e3o Sul, que sofre com altas temperaturas, segundo o Instituto Nacional de Meteorologia (Inmet). O calor na regi\u00e3o Sul est\u00e1 t\u00e3o intenso que a Justi\u00e7a do Rio Grande do Sul atendeu ao pedido do sindicato dos professores estaduais e adiou o in\u00edcio das aulas na rede p\u00fablica, que seria nesta segunda-feira (10). A onda de calor \u00e9 classificada como de grande perigo, com temperaturas 5\u00baC acima da m\u00e9dia por at\u00e9 cinco dias. Al\u00e9m do calor, \u00e1reas do Centro-Oeste e Sudeste enfrentar\u00e3o tempestades, com o [&hellip;]<\/p>\n","protected":false},"author":4,"featured_media":168012,"comment_status":"open","ping_status":"open","sticky":false,"template":"","format":"standard","meta":[],"categories":[362],"tags":[76,98,1780,385,427],"_links":{"self":[{"href":"https:\/\/www.cronicasdeitarantim.com.br\/v1\/wp-json\/wp\/v2\/posts\/170122"}],"collection":[{"href":"https:\/\/www.cronicasdeitarantim.com.br\/v1\/wp-json\/wp\/v2\/posts"}],"about":[{"href":"https:\/\/www.cronicasdeitarantim.com.br\/v1\/wp-json\/wp\/v2\/types\/post"}],"author":[{"embeddable":true,"href":"https:\/\/www.cronicasdeitarantim.com.br\/v1\/wp-json\/wp\/v2\/users\/4"}],"replies":[{"embeddable":true,"href":"https:\/\/www.cronicasdeitarantim.com.br\/v1\/wp-json\/wp\/v2\/comments?post=170122"}],"version-history":[{"count":2,"href":"https:\/\/www.cronicasdeitarantim.com.br\/v1\/wp-json\/wp\/v2\/posts\/170122\/revisions"}],"predecessor-version":[{"id":170124,"href":"https:\/\/www.cronicasdeitarantim.com.br\/v1\/wp-json\/wp\/v2\/posts\/170122\/revisions\/170124"}],"wp:featuredmedia":[{"embeddable":true,"href":"https:\/\/www.cronicasdeitarantim.com.br\/v1\/wp-json\/wp\/v2\/media\/168012"}],"wp:attachment":[{"href":"https:\/\/www.cronicasdeitarantim.com.br\/v1\/wp-json\/wp\/v2\/media?parent=170122"}],"wp:term":[{"taxonomy":"category","embeddable":true,"href":"https:\/\/www.cronicasdeitarantim.com.br\/v1\/wp-json\/wp\/v2\/categories?post=170122"},{"taxonomy":"post_tag","embeddable":true,"href":"https:\/\/www.cronicasdeitarantim.com.br\/v1\/wp-json\/wp\/v2\/tags?post=170122"}],"curies":[{"name":"wp","href":"https:\/\/api.w.org\/{rel}","templated":true}]}}