{"id":170050,"date":"2025-02-06T18:12:33","date_gmt":"2025-02-06T21:12:33","guid":{"rendered":"https:\/\/www.cronicasdeitarantim.com.br\/v1\/?p=170050"},"modified":"2025-02-06T18:12:33","modified_gmt":"2025-02-06T21:12:33","slug":"morre-aos-82-anos-na-paraiba-o-cantor-e-compositor-vital-farias-um-dos-grandes-menestrel-da-musica-popular","status":"publish","type":"post","link":"https:\/\/www.cronicasdeitarantim.com.br\/v1\/2025\/02\/06\/morre-aos-82-anos-na-paraiba-o-cantor-e-compositor-vital-farias-um-dos-grandes-menestrel-da-musica-popular\/","title":{"rendered":"Morre aos 82 anos na Para\u00edba O Cantor e compositor Vital Farias, um dos grandes menestrel da m\u00fasica popular"},"content":{"rendered":"<div class=\"styles__Body-sc-1ffquwr-7 ePhtZb\">\n<p>O cantor e compositor paraibano Vital Farias faleceu nesta quinta-feira, 06 de fevereiro, aos 82 anos. Ele estava internado no Hospital Metropolitano Dom Jos\u00e9 Maria Pires, em Santa Rita, na regi\u00e3o metropolitana de Jo\u00e3o Pessoa, devido a complica\u00e7\u00f5es card\u00edacas, como informou a imprensa local.<\/p>\n<p>De acordo com a unidade de sa\u00fade, o artista deu entrada no hospital na quarta-feira (5) ap\u00f3s sofrer um infarto agudo do mioc\u00e1rdio. Apesar dos procedimentos de emerg\u00eancia realizados, ele n\u00e3o resistiu.<\/p>\n<p>Nascido em 1943 na zona rural de Tapero\u00e1, no Cariri paraibano, Vital Farias mudou-se para o Rio de Janeiro nos anos 1970, onde se formou em M\u00fasica. Seu \u00e1lbum de estreia, lan\u00e7ado em 1978, levou seu nome no t\u00edtulo. Sua primeira composi\u00e7\u00e3o gravada foi &#8220;\u00ca M\u00e3e&#8221;, feita em parceria com Livardo Alves e interpretada por Ari Toledo.<\/p>\n<p>Ao longo da carreira, destacou-se como compositor e cantador, marcando a m\u00fasica brasileira com obras como &#8220;Can\u00e7\u00e3o em Dois Tempos&#8221;. Suas can\u00e7\u00f5es tamb\u00e9m ganharam proje\u00e7\u00e3o na voz de grandes artistas, como Elba Ramalho, que popularizou &#8220;Ai, Que Saudade D\u2019Oc\u00ea&#8221;, e Geraldo Azevedo, int\u00e9rprete de &#8220;Veja&#8221;. Vital tamb\u00e9m colaborou com nomes como Xangai e Elomar, consolidando sua trajet\u00f3ria na m\u00fasica nordestina.<\/p>\n<\/div>\n","protected":false},"excerpt":{"rendered":"<p>O cantor e compositor paraibano Vital Farias faleceu nesta quinta-feira, 06 de fevereiro, aos 82 anos. Ele estava internado no Hospital Metropolitano Dom Jos\u00e9 Maria Pires, em Santa Rita, na regi\u00e3o metropolitana de Jo\u00e3o Pessoa, devido a complica\u00e7\u00f5es card\u00edacas, como informou a imprensa local. De acordo com a unidade de sa\u00fade, o artista deu entrada no hospital na quarta-feira (5) ap\u00f3s sofrer um infarto agudo do mioc\u00e1rdio. Apesar dos procedimentos de emerg\u00eancia realizados, ele n\u00e3o resistiu. Nascido em 1943 na zona rural de Tapero\u00e1, no Cariri paraibano, Vital Farias mudou-se para o Rio de Janeiro nos anos 1970, onde se [&hellip;]<\/p>\n","protected":false},"author":4,"featured_media":170051,"comment_status":"open","ping_status":"open","sticky":false,"template":"","format":"standard","meta":[],"categories":[1],"tags":[433,1780,495,204],"_links":{"self":[{"href":"https:\/\/www.cronicasdeitarantim.com.br\/v1\/wp-json\/wp\/v2\/posts\/170050"}],"collection":[{"href":"https:\/\/www.cronicasdeitarantim.com.br\/v1\/wp-json\/wp\/v2\/posts"}],"about":[{"href":"https:\/\/www.cronicasdeitarantim.com.br\/v1\/wp-json\/wp\/v2\/types\/post"}],"author":[{"embeddable":true,"href":"https:\/\/www.cronicasdeitarantim.com.br\/v1\/wp-json\/wp\/v2\/users\/4"}],"replies":[{"embeddable":true,"href":"https:\/\/www.cronicasdeitarantim.com.br\/v1\/wp-json\/wp\/v2\/comments?post=170050"}],"version-history":[{"count":1,"href":"https:\/\/www.cronicasdeitarantim.com.br\/v1\/wp-json\/wp\/v2\/posts\/170050\/revisions"}],"predecessor-version":[{"id":170052,"href":"https:\/\/www.cronicasdeitarantim.com.br\/v1\/wp-json\/wp\/v2\/posts\/170050\/revisions\/170052"}],"wp:featuredmedia":[{"embeddable":true,"href":"https:\/\/www.cronicasdeitarantim.com.br\/v1\/wp-json\/wp\/v2\/media\/170051"}],"wp:attachment":[{"href":"https:\/\/www.cronicasdeitarantim.com.br\/v1\/wp-json\/wp\/v2\/media?parent=170050"}],"wp:term":[{"taxonomy":"category","embeddable":true,"href":"https:\/\/www.cronicasdeitarantim.com.br\/v1\/wp-json\/wp\/v2\/categories?post=170050"},{"taxonomy":"post_tag","embeddable":true,"href":"https:\/\/www.cronicasdeitarantim.com.br\/v1\/wp-json\/wp\/v2\/tags?post=170050"}],"curies":[{"name":"wp","href":"https:\/\/api.w.org\/{rel}","templated":true}]}}