{"id":169982,"date":"2025-02-04T17:02:23","date_gmt":"2025-02-04T20:02:23","guid":{"rendered":"https:\/\/www.cronicasdeitarantim.com.br\/v1\/?p=169982"},"modified":"2025-02-04T17:02:23","modified_gmt":"2025-02-04T20:02:23","slug":"tristeza-ze-magrinho-da-cidade-de-maiquinique-foi-encontrado-morto-no-rio-pardo","status":"publish","type":"post","link":"https:\/\/www.cronicasdeitarantim.com.br\/v1\/2025\/02\/04\/tristeza-ze-magrinho-da-cidade-de-maiquinique-foi-encontrado-morto-no-rio-pardo\/","title":{"rendered":"Tristeza: &#8220;Z\u00e9 Magrinho&#8221; da cidade de Maiquinique foi encontrado morto no Rio Pardo"},"content":{"rendered":"<p>Um homem, de aproximadamente 60 anos de idade, identificado pelo prenome de &#8220;Z\u00e9 Magrinho&#8221;, foi encontrado morto nesta ter\u00e7a-feira, 4 de fevereiro, dentro do Rio Pardo, nas imedia\u00e7\u00f5es da ponte da rodovia Macarani-Itapetinga.<\/p>\n<p>Z\u00e9 Magrinho era da cidade de Maiquinique e bastante conhecido na regi\u00e3o. Informa\u00e7\u00f5es extraoficiais acreditam que ele tenha morrido por afogamento j\u00e1 que ele foi visto nesta localidade mais cedo.<\/p>\n","protected":false},"excerpt":{"rendered":"<p>Um homem, de aproximadamente 60 anos de idade, identificado pelo prenome de &#8220;Z\u00e9 Magrinho&#8221;, foi encontrado morto nesta ter\u00e7a-feira, 4 de fevereiro, dentro do Rio Pardo, nas imedia\u00e7\u00f5es da ponte da rodovia Macarani-Itapetinga. Z\u00e9 Magrinho era da cidade de Maiquinique e bastante conhecido na regi\u00e3o. Informa\u00e7\u00f5es extraoficiais acreditam que ele tenha morrido por afogamento j\u00e1 que ele foi visto nesta localidade mais cedo.<\/p>\n","protected":false},"author":4,"featured_media":169984,"comment_status":"open","ping_status":"open","sticky":false,"template":"","format":"standard","meta":[],"categories":[306],"tags":[1780,495,392,2592],"_links":{"self":[{"href":"https:\/\/www.cronicasdeitarantim.com.br\/v1\/wp-json\/wp\/v2\/posts\/169982"}],"collection":[{"href":"https:\/\/www.cronicasdeitarantim.com.br\/v1\/wp-json\/wp\/v2\/posts"}],"about":[{"href":"https:\/\/www.cronicasdeitarantim.com.br\/v1\/wp-json\/wp\/v2\/types\/post"}],"author":[{"embeddable":true,"href":"https:\/\/www.cronicasdeitarantim.com.br\/v1\/wp-json\/wp\/v2\/users\/4"}],"replies":[{"embeddable":true,"href":"https:\/\/www.cronicasdeitarantim.com.br\/v1\/wp-json\/wp\/v2\/comments?post=169982"}],"version-history":[{"count":2,"href":"https:\/\/www.cronicasdeitarantim.com.br\/v1\/wp-json\/wp\/v2\/posts\/169982\/revisions"}],"predecessor-version":[{"id":169986,"href":"https:\/\/www.cronicasdeitarantim.com.br\/v1\/wp-json\/wp\/v2\/posts\/169982\/revisions\/169986"}],"wp:featuredmedia":[{"embeddable":true,"href":"https:\/\/www.cronicasdeitarantim.com.br\/v1\/wp-json\/wp\/v2\/media\/169984"}],"wp:attachment":[{"href":"https:\/\/www.cronicasdeitarantim.com.br\/v1\/wp-json\/wp\/v2\/media?parent=169982"}],"wp:term":[{"taxonomy":"category","embeddable":true,"href":"https:\/\/www.cronicasdeitarantim.com.br\/v1\/wp-json\/wp\/v2\/categories?post=169982"},{"taxonomy":"post_tag","embeddable":true,"href":"https:\/\/www.cronicasdeitarantim.com.br\/v1\/wp-json\/wp\/v2\/tags?post=169982"}],"curies":[{"name":"wp","href":"https:\/\/api.w.org\/{rel}","templated":true}]}}