{"id":169979,"date":"2025-02-04T13:38:07","date_gmt":"2025-02-04T16:38:07","guid":{"rendered":"https:\/\/www.cronicasdeitarantim.com.br\/v1\/?p=169979"},"modified":"2025-02-04T13:38:07","modified_gmt":"2025-02-04T16:38:07","slug":"itarantim-roubo-de-celular-foi-parar-na-delegacia-da-cidade-e-policia-foi-buscar-na-casa-de-envolvido","status":"publish","type":"post","link":"https:\/\/www.cronicasdeitarantim.com.br\/v1\/2025\/02\/04\/itarantim-roubo-de-celular-foi-parar-na-delegacia-da-cidade-e-policia-foi-buscar-na-casa-de-envolvido\/","title":{"rendered":"Itarantim: Roubo de celular foi parar na Delegacia da cidade e pol\u00edcia foi buscar na casa de envolvido"},"content":{"rendered":"<h4>Roubo de celular foi parar na Delegacia Territorial de Itarantim na tarde desta segunda-feira, 03 de fevereiro, quando a v\u00edtima prestou um boletim de ocorr\u00eancia juntamente com seu advogado. De acordo com informa\u00e7\u00f5es da propriet\u00e1ria do celular iphone 12, de cor vermelha, seu aparelho foi roubado na casa de sua irm\u00e3 quando, segundo ela, um dos acusados pelo furto estava presente.<\/h4>\n<h4>De acordo com informa\u00e7\u00f5es do boletim da pol\u00edcia, o celular s\u00f3 foi descoberto por meio de rastreamento identificando que o celular estava na casa de um dos acusados. Ao chegar no local a pol\u00edcia recuperou o aparelho roubado.<\/h4>\n<h4>No Brasil, roubo de celular ocupa o primeiro lugar no ranking. Cerca de um em cada dez brasileiros teve o celular roubado ou furtado no per\u00edodo de um ano, entre julho de 2023 e junho de 2024, segundo pesquisa Datafolha encomendada pelo F\u00f3rum Brasileiro de Seguran\u00e7a P\u00fablica (FBSP).<\/h4>\n","protected":false},"excerpt":{"rendered":"<p>Roubo de celular foi parar na Delegacia Territorial de Itarantim na tarde desta segunda-feira, 03 de fevereiro, quando a v\u00edtima prestou um boletim de ocorr\u00eancia juntamente com seu advogado. De acordo com informa\u00e7\u00f5es da propriet\u00e1ria do celular iphone 12, de cor vermelha, seu aparelho foi roubado na casa de sua irm\u00e3 quando, segundo ela, um dos acusados pelo furto estava presente. De acordo com informa\u00e7\u00f5es do boletim da pol\u00edcia, o celular s\u00f3 foi descoberto por meio de rastreamento identificando que o celular estava na casa de um dos acusados. Ao chegar no local a pol\u00edcia recuperou o aparelho roubado. No [&hellip;]<\/p>\n","protected":false},"author":4,"featured_media":169980,"comment_status":"open","ping_status":"open","sticky":false,"template":"","format":"standard","meta":[],"categories":[306],"tags":[2819,1780,385,434,537],"_links":{"self":[{"href":"https:\/\/www.cronicasdeitarantim.com.br\/v1\/wp-json\/wp\/v2\/posts\/169979"}],"collection":[{"href":"https:\/\/www.cronicasdeitarantim.com.br\/v1\/wp-json\/wp\/v2\/posts"}],"about":[{"href":"https:\/\/www.cronicasdeitarantim.com.br\/v1\/wp-json\/wp\/v2\/types\/post"}],"author":[{"embeddable":true,"href":"https:\/\/www.cronicasdeitarantim.com.br\/v1\/wp-json\/wp\/v2\/users\/4"}],"replies":[{"embeddable":true,"href":"https:\/\/www.cronicasdeitarantim.com.br\/v1\/wp-json\/wp\/v2\/comments?post=169979"}],"version-history":[{"count":1,"href":"https:\/\/www.cronicasdeitarantim.com.br\/v1\/wp-json\/wp\/v2\/posts\/169979\/revisions"}],"predecessor-version":[{"id":169981,"href":"https:\/\/www.cronicasdeitarantim.com.br\/v1\/wp-json\/wp\/v2\/posts\/169979\/revisions\/169981"}],"wp:featuredmedia":[{"embeddable":true,"href":"https:\/\/www.cronicasdeitarantim.com.br\/v1\/wp-json\/wp\/v2\/media\/169980"}],"wp:attachment":[{"href":"https:\/\/www.cronicasdeitarantim.com.br\/v1\/wp-json\/wp\/v2\/media?parent=169979"}],"wp:term":[{"taxonomy":"category","embeddable":true,"href":"https:\/\/www.cronicasdeitarantim.com.br\/v1\/wp-json\/wp\/v2\/categories?post=169979"},{"taxonomy":"post_tag","embeddable":true,"href":"https:\/\/www.cronicasdeitarantim.com.br\/v1\/wp-json\/wp\/v2\/tags?post=169979"}],"curies":[{"name":"wp","href":"https:\/\/api.w.org\/{rel}","templated":true}]}}