{"id":169969,"date":"2025-02-03T17:01:33","date_gmt":"2025-02-03T20:01:33","guid":{"rendered":"https:\/\/www.cronicasdeitarantim.com.br\/v1\/?p=169969"},"modified":"2025-02-03T17:01:33","modified_gmt":"2025-02-03T20:01:33","slug":"dois-homens-foram-presos-e-uma-pistola-apreendida-na-cidade-de-maiquinique","status":"publish","type":"post","link":"https:\/\/www.cronicasdeitarantim.com.br\/v1\/2025\/02\/03\/dois-homens-foram-presos-e-uma-pistola-apreendida-na-cidade-de-maiquinique\/","title":{"rendered":"Dois homens foram presos e uma pistola apreendida na cidade de Maiquinique"},"content":{"rendered":"<h4>A Guarni\u00e7\u00e3o da Pol\u00edcia Militar (PM) apreendeu arma de fogo na manh\u00e3 deste domingo, 02 de fevereiro. A guarni\u00e7\u00e3o da 8\u00aa CIPM foi solicitada por conta de uma amea\u00e7a envolvendo dois homens em uma localidade na BA\/270, zona rural da cidade. Ao averiguar a situa\u00e7\u00e3o os policiais confirmaram o ocorrido e apreenderam uma pistola .380 e um fac\u00e3o, as armas utilizadas na amea\u00e7a.<\/h4>\n<h4>As armas foram apresentadas na delegacia de Itapetinga, junto com os autores, um homem de 40 anos e outro de 29 anos, para que fossem adotadas as medidas cab\u00edveis.<\/h4>\n<p>&nbsp;<\/p>\n","protected":false},"excerpt":{"rendered":"<p>A Guarni\u00e7\u00e3o da Pol\u00edcia Militar (PM) apreendeu arma de fogo na manh\u00e3 deste domingo, 02 de fevereiro. A guarni\u00e7\u00e3o da 8\u00aa CIPM foi solicitada por conta de uma amea\u00e7a envolvendo dois homens em uma localidade na BA\/270, zona rural da cidade. Ao averiguar a situa\u00e7\u00e3o os policiais confirmaram o ocorrido e apreenderam uma pistola .380 e um fac\u00e3o, as armas utilizadas na amea\u00e7a. As armas foram apresentadas na delegacia de Itapetinga, junto com os autores, um homem de 40 anos e outro de 29 anos, para que fossem adotadas as medidas cab\u00edveis. &nbsp;<\/p>\n","protected":false},"author":4,"featured_media":169970,"comment_status":"open","ping_status":"open","sticky":false,"template":"","format":"standard","meta":[],"categories":[306],"tags":[1780,392,434,427],"_links":{"self":[{"href":"https:\/\/www.cronicasdeitarantim.com.br\/v1\/wp-json\/wp\/v2\/posts\/169969"}],"collection":[{"href":"https:\/\/www.cronicasdeitarantim.com.br\/v1\/wp-json\/wp\/v2\/posts"}],"about":[{"href":"https:\/\/www.cronicasdeitarantim.com.br\/v1\/wp-json\/wp\/v2\/types\/post"}],"author":[{"embeddable":true,"href":"https:\/\/www.cronicasdeitarantim.com.br\/v1\/wp-json\/wp\/v2\/users\/4"}],"replies":[{"embeddable":true,"href":"https:\/\/www.cronicasdeitarantim.com.br\/v1\/wp-json\/wp\/v2\/comments?post=169969"}],"version-history":[{"count":1,"href":"https:\/\/www.cronicasdeitarantim.com.br\/v1\/wp-json\/wp\/v2\/posts\/169969\/revisions"}],"predecessor-version":[{"id":169971,"href":"https:\/\/www.cronicasdeitarantim.com.br\/v1\/wp-json\/wp\/v2\/posts\/169969\/revisions\/169971"}],"wp:featuredmedia":[{"embeddable":true,"href":"https:\/\/www.cronicasdeitarantim.com.br\/v1\/wp-json\/wp\/v2\/media\/169970"}],"wp:attachment":[{"href":"https:\/\/www.cronicasdeitarantim.com.br\/v1\/wp-json\/wp\/v2\/media?parent=169969"}],"wp:term":[{"taxonomy":"category","embeddable":true,"href":"https:\/\/www.cronicasdeitarantim.com.br\/v1\/wp-json\/wp\/v2\/categories?post=169969"},{"taxonomy":"post_tag","embeddable":true,"href":"https:\/\/www.cronicasdeitarantim.com.br\/v1\/wp-json\/wp\/v2\/tags?post=169969"}],"curies":[{"name":"wp","href":"https:\/\/api.w.org\/{rel}","templated":true}]}}