{"id":169783,"date":"2025-01-25T19:58:27","date_gmt":"2025-01-25T22:58:27","guid":{"rendered":"https:\/\/www.cronicasdeitarantim.com.br\/v1\/?p=169783"},"modified":"2025-01-25T19:58:27","modified_gmt":"2025-01-25T22:58:27","slug":"guarda-municipal-aposentado-e-assassinado-a-tiros-na-frente-da-esposa-em-itabuna","status":"publish","type":"post","link":"https:\/\/www.cronicasdeitarantim.com.br\/v1\/2025\/01\/25\/guarda-municipal-aposentado-e-assassinado-a-tiros-na-frente-da-esposa-em-itabuna\/","title":{"rendered":"Guarda Municipal aposentado \u00e9 assassinado a tiros na frente da esposa em Itabuna"},"content":{"rendered":"<article id=\"post-230371\" class=\"post-230371 post type-post status-publish format-standard has-post-thumbnail hentry category-bahia tag-giro tag-ipiau tag-itabuna\">\n<div class=\"container-post\">\n<div class=\"entry-content\">\n<p>Um guarda civil aposentado de 63 anos foi assassinado a tiros, na manh\u00e3 desta sexta-feira (24), na cidade de Itabuna, no sul da Bahia. A v\u00edtima estava em uma motocicleta com a esposa, quando o casal foi abordado por uma dupla armada. A mulher n\u00e3o teve ferimentos, mas ficou em estado de choque.<\/p>\n<p>Segundo a Pol\u00edcia Civil (PC), ap\u00f3s atirar contra a v\u00edtima, os suspeitos fugiram em uma outra motocicleta. J\u00e1 a esposa da v\u00edtima foi encaminhada para um hospital.<\/p>\n<p>Apesar de ser aposentado, o homem atuava na Defensoria P\u00fablica do munic\u00edpio. No entanto, n\u00e3o se sabe ainda se isso tem rela\u00e7\u00e3o com o crime. Segundo o Blog Verdinho, a pol\u00edcia investiga uma poss\u00edvel discuss\u00e3o anterior que Jeferson teria tido com indiv\u00edduos ligados ao crime na parte alta do bairro S\u00e3o Pedro, onde sua companheira possui parentes.<\/p>\n<p>Em nota, a Prefeitura, por meio da Secretaria de Seguran\u00e7a e Ordem P\u00fablica, lamentou a morte de Jeferson e cobrou celeridade nas investiga\u00e7\u00f5es, al\u00e9m de outras a\u00e7\u00f5es para impedir a criminalidade no munic\u00edpio.<\/p>\n<\/div>\n<footer class=\"entry-footer\"><\/footer>\n<\/div>\n<\/article>\n<div class=\"my-2\"><\/div>\n<article id=\"post-146442\" class=\"post-146442 post type-post status-publish format-standard has-post-thumbnail hentry category-noticias\">\n<div class=\"container-post\"><\/div>\n<\/article>\n","protected":false},"excerpt":{"rendered":"<p>Um guarda civil aposentado de 63 anos foi assassinado a tiros, na manh\u00e3 desta sexta-feira (24), na cidade de Itabuna, no sul da Bahia. A v\u00edtima estava em uma motocicleta com a esposa, quando o casal foi abordado por uma dupla armada. A mulher n\u00e3o teve ferimentos, mas ficou em estado de choque. Segundo a Pol\u00edcia Civil (PC), ap\u00f3s atirar contra a v\u00edtima, os suspeitos fugiram em uma outra motocicleta. J\u00e1 a esposa da v\u00edtima foi encaminhada para um hospital. Apesar de ser aposentado, o homem atuava na Defensoria P\u00fablica do munic\u00edpio. No entanto, n\u00e3o se sabe ainda se isso [&hellip;]<\/p>\n","protected":false},"author":4,"featured_media":169784,"comment_status":"open","ping_status":"open","sticky":false,"template":"","format":"standard","meta":[],"categories":[306],"tags":[1780,947,774,434,444],"_links":{"self":[{"href":"https:\/\/www.cronicasdeitarantim.com.br\/v1\/wp-json\/wp\/v2\/posts\/169783"}],"collection":[{"href":"https:\/\/www.cronicasdeitarantim.com.br\/v1\/wp-json\/wp\/v2\/posts"}],"about":[{"href":"https:\/\/www.cronicasdeitarantim.com.br\/v1\/wp-json\/wp\/v2\/types\/post"}],"author":[{"embeddable":true,"href":"https:\/\/www.cronicasdeitarantim.com.br\/v1\/wp-json\/wp\/v2\/users\/4"}],"replies":[{"embeddable":true,"href":"https:\/\/www.cronicasdeitarantim.com.br\/v1\/wp-json\/wp\/v2\/comments?post=169783"}],"version-history":[{"count":1,"href":"https:\/\/www.cronicasdeitarantim.com.br\/v1\/wp-json\/wp\/v2\/posts\/169783\/revisions"}],"predecessor-version":[{"id":169785,"href":"https:\/\/www.cronicasdeitarantim.com.br\/v1\/wp-json\/wp\/v2\/posts\/169783\/revisions\/169785"}],"wp:featuredmedia":[{"embeddable":true,"href":"https:\/\/www.cronicasdeitarantim.com.br\/v1\/wp-json\/wp\/v2\/media\/169784"}],"wp:attachment":[{"href":"https:\/\/www.cronicasdeitarantim.com.br\/v1\/wp-json\/wp\/v2\/media?parent=169783"}],"wp:term":[{"taxonomy":"category","embeddable":true,"href":"https:\/\/www.cronicasdeitarantim.com.br\/v1\/wp-json\/wp\/v2\/categories?post=169783"},{"taxonomy":"post_tag","embeddable":true,"href":"https:\/\/www.cronicasdeitarantim.com.br\/v1\/wp-json\/wp\/v2\/tags?post=169783"}],"curies":[{"name":"wp","href":"https:\/\/api.w.org\/{rel}","templated":true}]}}