{"id":169766,"date":"2025-01-24T18:48:28","date_gmt":"2025-01-24T21:48:28","guid":{"rendered":"https:\/\/www.cronicasdeitarantim.com.br\/v1\/?p=169766"},"modified":"2025-01-24T18:48:28","modified_gmt":"2025-01-24T21:48:28","slug":"fogo-no-parquinho-quando-o-poder-e-uma-questao-de-afinidade-e-nao-de-qualificacao","status":"publish","type":"post","link":"https:\/\/www.cronicasdeitarantim.com.br\/v1\/2025\/01\/24\/fogo-no-parquinho-quando-o-poder-e-uma-questao-de-afinidade-e-nao-de-qualificacao\/","title":{"rendered":"&#8220;Fogo no Parquinho&#8221;: Quando o poder \u00e9 uma quest\u00e3o de afinidade e n\u00e3o de qualifica\u00e7\u00e3o"},"content":{"rendered":"<h3>Hoje, 24 de janeiro, celebramos o Dia Internacional da Educa\u00e7\u00e3o!<\/h3>\n<p>E, em grande estilo, o prefeito de Itarantim, F\u00e1bio Gusm\u00e3o, decidiu fazer um &#8220;show&#8221; \u00e0 parte. Com um golpe de m\u00e3o na mesa digna de um verdadeiro maestro, ele promoveu uma s\u00e9rie de trocas nas coordena\u00e7\u00f5es de col\u00e9gios e diretorias que, aparentemente, n\u00e3o agradaram a todos. Mas no governo Gusm\u00e3o quem se importa com a opini\u00e3o da popula\u00e7\u00e3o, n\u00e3o \u00e9 mesmo?<\/p>\n<p>A \u00fanica troca que ficou fora da dan\u00e7a das cadeiras foi a da secret\u00e1ria de Educa\u00e7\u00e3o. J\u00e1 era um assunto &#8220;previsto&#8221;, como se isso fosse uma grande novidade. Segundo rumores, ela \u00e9 a verdadeira rainha do peda\u00e7o: tira quem quer e coloca quem bem entende. Qualifica\u00e7\u00e3o? Detalhes! O que importa \u00e9 ter a simpatia dela. Se voc\u00ea n\u00e3o \u00e9 da &#8220;panelinha&#8221;, prepare-se para ser colocado para escanteio.<\/p>\n<p>Talvez o problema da secret\u00e1ria n\u00e3o seja falta de conhecimento pedag\u00f3gico \u2013 afinal, quem precisa disso? O verdadeiro desafio parece ser sua habilidade em lidar com empatia. E as trocas que ocorreram? Ah, dizem que foram mais obra dela do que do pr\u00f3prio prefeito. F\u00e1bio pode ter batido a m\u00e3o na mesa, mas quem realmente manda parece ser a secret\u00e1ria. N\u00e3o sei.<\/p>\n<p>A comunica\u00e7\u00e3o do governo F\u00e1bio Gusm\u00e3o tem sido t\u00e3o clara quanto um dia nublado. A secretaria de Educa\u00e7\u00e3o \u00e9 quase um setor intoc\u00e1vel \u2013 j\u00e1 tivemos at\u00e9 &#8220;blogueiro&#8221;, blogueiro professor intimado por agentes de seguran\u00e7a dentro de sala de aula! Motivos? Ah, esses s\u00e3o um mist\u00e9rio digno de uma novela. Quer que eu conte? n\u00e3o, deixe ele contar primeiro.<\/p>\n<p>Com as novas nomea\u00e7\u00f5es na educa\u00e7\u00e3o em 2025, h\u00e1 at\u00e9 quem tema fiscaliza\u00e7\u00f5es por irregularidades. Professores acumulando cargos? Sem problemas! Itarantim e Maiquinique \u00e9 perto. E, com isso a qualifica\u00e7\u00e3o pode ficar em segundo plano enquanto os &#8220;queridinhos&#8221; do momento s\u00e3o colocados na linha de frente da educa\u00e7\u00e3o.<\/p>\n<p>O tema das mudan\u00e7as nas coordena\u00e7\u00f5es e diretores tomou conta do n\u00facleo do governo&#8230; mas s\u00f3 em murm\u00farios silenciosos. Aqueles que perderam seus cargos est\u00e3o mais quietos do que nunca \u2013 rebaixados \u00e0 sombra dos novos \u201cfavoritos\u201d.<\/p>\n<p>Essa coluna se chama &#8220;Fogo no Parquinho&#8221;, mas n\u00e3o \u00e9 para colocar fogo no n\u00facleo da educa\u00e7\u00e3o! \u00c9 apenas uma interroga\u00e7\u00e3o: quem est\u00e1 certo? Os cr\u00edticos da secret\u00e1ria ou ela mesma, acusada pela pr\u00f3pria equipe de ser uma perseguidora?<\/p>\n<p>\u00c9 engra\u00e7ado como a comunica\u00e7\u00e3o do governo agora parece um folhetim semanal recheado de medos e insinua\u00e7\u00f5es disfar\u00e7adas de elogios filos\u00f3ficos. Um verdadeiro espet\u00e1culo para quem est\u00e1 dentro de um cercadinho de um quintal com uma vasta planta\u00e7\u00e3o de maxixe!<\/p>\n<p>Por fim, entre os angustiados calados e os \u201cqueridinhos\u201d que subiram ao poder por afinidade, resta a esperan\u00e7a de que algu\u00e9m lembre o verdadeiro significado da educa\u00e7\u00e3o e o que ela deve representar\u00a0na\u00a0sociedade.<\/p>\n<p>Viva a educa\u00e7\u00e3o, viva o Dia Internacional da Educa\u00e7\u00e3o e viva nosso Patrono Paulo Freire!<\/p>\n","protected":false},"excerpt":{"rendered":"<p>Hoje, 24 de janeiro, celebramos o Dia Internacional da Educa\u00e7\u00e3o! E, em grande estilo, o prefeito de Itarantim, F\u00e1bio Gusm\u00e3o, decidiu fazer um &#8220;show&#8221; \u00e0 parte. Com um golpe de m\u00e3o na mesa digna de um verdadeiro maestro, ele promoveu uma s\u00e9rie de trocas nas coordena\u00e7\u00f5es de col\u00e9gios e diretorias que, aparentemente, n\u00e3o agradaram a todos. Mas no governo Gusm\u00e3o quem se importa com a opini\u00e3o da popula\u00e7\u00e3o, n\u00e3o \u00e9 mesmo? A \u00fanica troca que ficou fora da dan\u00e7a das cadeiras foi a da secret\u00e1ria de Educa\u00e7\u00e3o. J\u00e1 era um assunto &#8220;previsto&#8221;, como se isso fosse uma grande novidade. Segundo [&hellip;]<\/p>\n","protected":false},"author":4,"featured_media":168416,"comment_status":"open","ping_status":"open","sticky":false,"template":"","format":"standard","meta":[],"categories":[308],"tags":[488,1780,130,2671,385],"_links":{"self":[{"href":"https:\/\/www.cronicasdeitarantim.com.br\/v1\/wp-json\/wp\/v2\/posts\/169766"}],"collection":[{"href":"https:\/\/www.cronicasdeitarantim.com.br\/v1\/wp-json\/wp\/v2\/posts"}],"about":[{"href":"https:\/\/www.cronicasdeitarantim.com.br\/v1\/wp-json\/wp\/v2\/types\/post"}],"author":[{"embeddable":true,"href":"https:\/\/www.cronicasdeitarantim.com.br\/v1\/wp-json\/wp\/v2\/users\/4"}],"replies":[{"embeddable":true,"href":"https:\/\/www.cronicasdeitarantim.com.br\/v1\/wp-json\/wp\/v2\/comments?post=169766"}],"version-history":[{"count":1,"href":"https:\/\/www.cronicasdeitarantim.com.br\/v1\/wp-json\/wp\/v2\/posts\/169766\/revisions"}],"predecessor-version":[{"id":169767,"href":"https:\/\/www.cronicasdeitarantim.com.br\/v1\/wp-json\/wp\/v2\/posts\/169766\/revisions\/169767"}],"wp:featuredmedia":[{"embeddable":true,"href":"https:\/\/www.cronicasdeitarantim.com.br\/v1\/wp-json\/wp\/v2\/media\/168416"}],"wp:attachment":[{"href":"https:\/\/www.cronicasdeitarantim.com.br\/v1\/wp-json\/wp\/v2\/media?parent=169766"}],"wp:term":[{"taxonomy":"category","embeddable":true,"href":"https:\/\/www.cronicasdeitarantim.com.br\/v1\/wp-json\/wp\/v2\/categories?post=169766"},{"taxonomy":"post_tag","embeddable":true,"href":"https:\/\/www.cronicasdeitarantim.com.br\/v1\/wp-json\/wp\/v2\/tags?post=169766"}],"curies":[{"name":"wp","href":"https:\/\/api.w.org\/{rel}","templated":true}]}}