{"id":169679,"date":"2025-01-20T19:39:30","date_gmt":"2025-01-20T22:39:30","guid":{"rendered":"https:\/\/www.cronicasdeitarantim.com.br\/v1\/?p=169679"},"modified":"2025-01-20T19:40:04","modified_gmt":"2025-01-20T22:40:04","slug":"educacao-portaria-que-reformula-curriculo-do-ensino-medio-na-bahia-e-publicada","status":"publish","type":"post","link":"https:\/\/www.cronicasdeitarantim.com.br\/v1\/2025\/01\/20\/educacao-portaria-que-reformula-curriculo-do-ensino-medio-na-bahia-e-publicada\/","title":{"rendered":"Educa\u00e7\u00e3o: Portaria que reformula curr\u00edculo do Ensino M\u00e9dio na Bahia \u00e9 publicada"},"content":{"rendered":"<div class=\"styles__Body-sc-1ffquwr-7 ePhtZb\">\n<h4>A Secretaria da Educa\u00e7\u00e3o do Estado (SEC) publicou no \u00faltimo s\u00e1bado, 18 de janeiro, no Di\u00e1rio Oficial do Estado, uma portaria que define novas diretrizes para a organiza\u00e7\u00e3o curricular do Ensino M\u00e9dio nas escolas da rede estadual da Bahia.<\/h4>\n<h4>A norma, baseada na Lei n\u00ba 14.945\/2024 e no Documento Curricular Referencial da Bahia (DCRB), estabelece regras para a estrutura curricular, carga hor\u00e1ria, avalia\u00e7\u00e3o da aprendizagem e elabora\u00e7\u00e3o do Projeto Pol\u00edtico Pedag\u00f3gico (PPP). As mudan\u00e7as seguem as diretrizes da Base Nacional Comum Curricular (BNCC).<\/h4>\n<h4>Segundo a superintendente de Pol\u00edticas para a Educa\u00e7\u00e3o B\u00e1sica da SEC, Helaine Souza, a reformula\u00e7\u00e3o curricular foi constru\u00edda a partir de um amplo debate com a comunidade educativa baiana.<\/h4>\n<h4>&#8220;A matriz para o Ensino M\u00e9dio que apresentamos decorre das altera\u00e7\u00f5es propostas pelo Minist\u00e9rio da Educa\u00e7\u00e3o. Ap\u00f3s discuss\u00f5es com professores, estudantes e a sociedade civil, apresentamos uma matriz baseada no conceito de justi\u00e7a curricular, que garante uma organiza\u00e7\u00e3o do tempo pedag\u00f3gico com distribui\u00e7\u00e3o equitativa entre as \u00e1reas de conhecimento. Al\u00e9m disso, oferecemos um itiner\u00e1rio formativo transdisciplinar, garantindo aprofundamento e fortalecimento de todas as \u00e1reas no processo de ensino e aprendizagem&#8221;, afirmou.<\/h4>\n<\/div>\n","protected":false},"excerpt":{"rendered":"<p>A Secretaria da Educa\u00e7\u00e3o do Estado (SEC) publicou no \u00faltimo s\u00e1bado, 18 de janeiro, no Di\u00e1rio Oficial do Estado, uma portaria que define novas diretrizes para a organiza\u00e7\u00e3o curricular do Ensino M\u00e9dio nas escolas da rede estadual da Bahia. A norma, baseada na Lei n\u00ba 14.945\/2024 e no Documento Curricular Referencial da Bahia (DCRB), estabelece regras para a estrutura curricular, carga hor\u00e1ria, avalia\u00e7\u00e3o da aprendizagem e elabora\u00e7\u00e3o do Projeto Pol\u00edtico Pedag\u00f3gico (PPP). As mudan\u00e7as seguem as diretrizes da Base Nacional Comum Curricular (BNCC). Segundo a superintendente de Pol\u00edticas para a Educa\u00e7\u00e3o B\u00e1sica da SEC, Helaine Souza, a reformula\u00e7\u00e3o curricular foi [&hellip;]<\/p>\n","protected":false},"author":4,"featured_media":169680,"comment_status":"open","ping_status":"open","sticky":false,"template":"","format":"standard","meta":[],"categories":[363],"tags":[76,1780,3275,130],"_links":{"self":[{"href":"https:\/\/www.cronicasdeitarantim.com.br\/v1\/wp-json\/wp\/v2\/posts\/169679"}],"collection":[{"href":"https:\/\/www.cronicasdeitarantim.com.br\/v1\/wp-json\/wp\/v2\/posts"}],"about":[{"href":"https:\/\/www.cronicasdeitarantim.com.br\/v1\/wp-json\/wp\/v2\/types\/post"}],"author":[{"embeddable":true,"href":"https:\/\/www.cronicasdeitarantim.com.br\/v1\/wp-json\/wp\/v2\/users\/4"}],"replies":[{"embeddable":true,"href":"https:\/\/www.cronicasdeitarantim.com.br\/v1\/wp-json\/wp\/v2\/comments?post=169679"}],"version-history":[{"count":2,"href":"https:\/\/www.cronicasdeitarantim.com.br\/v1\/wp-json\/wp\/v2\/posts\/169679\/revisions"}],"predecessor-version":[{"id":169682,"href":"https:\/\/www.cronicasdeitarantim.com.br\/v1\/wp-json\/wp\/v2\/posts\/169679\/revisions\/169682"}],"wp:featuredmedia":[{"embeddable":true,"href":"https:\/\/www.cronicasdeitarantim.com.br\/v1\/wp-json\/wp\/v2\/media\/169680"}],"wp:attachment":[{"href":"https:\/\/www.cronicasdeitarantim.com.br\/v1\/wp-json\/wp\/v2\/media?parent=169679"}],"wp:term":[{"taxonomy":"category","embeddable":true,"href":"https:\/\/www.cronicasdeitarantim.com.br\/v1\/wp-json\/wp\/v2\/categories?post=169679"},{"taxonomy":"post_tag","embeddable":true,"href":"https:\/\/www.cronicasdeitarantim.com.br\/v1\/wp-json\/wp\/v2\/tags?post=169679"}],"curies":[{"name":"wp","href":"https:\/\/api.w.org\/{rel}","templated":true}]}}